{"id":5124,"date":"2025-08-05T11:28:15","date_gmt":"2025-08-05T09:28:15","guid":{"rendered":"https:\/\/annagrandhotel.hu\/?p=5124"},"modified":"2025-08-05T11:39:39","modified_gmt":"2025-08-05T09:39:39","slug":"rozhovory-s-hviezdami-zmrzlinarne","status":"publish","type":"post","link":"https:\/\/annagrandhotel.hu\/sk\/annak-eve-beszelgetes-a-jegvarazs-sztarjaival\/","title":{"rendered":"Rok Anny | Rozhovor s hviezdami filmu \u013dadov\u00e1 m\u00e1gia"},"content":{"rendered":"<div class=\"wpb-content-wrapper\"><div class=\"vc_row wpb_row vc_row-fluid vc_custom_1754386515525 vc_row-has-fill\"><div class=\"wpb_column vc_column_container vc_col-sm-12\"><div class=\"vc_column-inner\"><div class=\"wpb_wrapper\"><div class=\"heading_group_sc wpb_content_element subtitle_bottom    text-left\">\n\n\n    <h3>Rok Anny | Rozhovor s hviezdami filmu \u013dadov\u00e1 m\u00e1gia<\/h3>\n\n\n        <span class=\"subtitle\">08.09. 18:00 | Anna Caf\u00e9<\/span>\n\n<\/div><div class=\"heading_group_sc wpb_content_element subtitle_bottom    text-left\">\n\n\n    <p><strong>Rok Anny powered by GLAMOUR - Exkluz\u00edvny rozhovor s here\u010dkami, ktor\u00e9 hraj\u00fa Annu v muzik\u00e1li \u013dadov\u00e9 k\u00fazlo<\/strong><\/p>\n<h5>D\u00e1tum: 9. augusta 2025 (sobota), 18:00<br class=\"html-br\" \/>Miesto konania: Anna Caf\u00e9 | Balatonf\u00fcred<\/h5>\n<p data-start=\"584\" data-end=\"736\">9. augusta v\u00e1s poz\u00fdvame na v\u00fdnimo\u010dn\u00fd ve\u010der v Balatonf\u00fcrede, ktor\u00fd bude \u010fal\u0161ou zast\u00e1vkou s\u00e9rie podujat\u00ed Rok Anny powered by GLAMOUR.<\/p>\n<p style=\"text-align: justify;\">Tentokr\u00e1t tri talentovan\u00e9 here\u010dky - <strong data-start=\"781\" data-end=\"795\">Gad\u00f3 Anita<\/strong>, <strong data-start=\"797\" data-end=\"805\">Hien<\/strong> a <strong data-start=\"809\" data-end=\"826\">Kardffy Aisha<\/strong> - porozpr\u00e1vajte n\u00e1m o v\u00fdzvach a sk\u00fasenostiach s hran\u00edm Anny na javisku muzik\u00e1lu \u013dadov\u00e9 k\u00fazlo. V rozhovore zaznej\u00fa aj tajomstv\u00e1 zo z\u00e1kulisia, in\u0161pirat\u00edvne pr\u00edbehy a osobn\u00e9 z\u00e1\u017eitky - ve\u010der, ktor\u00fd sa stane nezabudnute\u013en\u00fdm v\u010faka divadlu, hudbe a k\u00fazlam.<\/p>\n<p data-start=\"1118\" data-end=\"1202\"><strong data-start=\"1118\" data-end=\"1202\">\u00da\u010das\u0165 je bezplatn\u00e1, ale po\u010det miest je obmedzen\u00fd, preto by ste mali pr\u00eds\u0165 v\u010das!<\/strong><\/p>\n<div><\/div>\n<div class=\"x14z9mp xat24cr x1lziwak x1vvkbs xtlvy1s\"><\/div>\n<div><\/div>\n<div class=\"x14z9mp xat24cr x1lziwak x1vvkbs xtlvy1s\">\u00da\u010das\u0165 je bezplatn\u00e1, ale po\u010det miest je obmedzen\u00fd, preto by ste mali pr\u00eds\u0165 v\u010das!<\/div>\n\n\n        <span class=\"subtitle\"><\/span>\n\n<\/div><div class=\"heading_group_sc wpb_content_element subtitle_bottom    text-left\">\n\n\n    <h3>Exkluz\u00edvny v\u00edkend pre na\u0161ich hotelov\u00fdch host\u00ed | 9.-10. augusta.<\/h3>\n\n\n        <span class=\"subtitle\"><\/span>\n\n<\/div><\/div><\/div><\/div><\/div><div class=\"vc_row wpb_row vc_row-fluid vc_custom_1754386505045 vc_row-has-fill\"><div class=\"wpb_column vc_column_container vc_col-sm-8\"><div class=\"vc_column-inner\"><div class=\"wpb_wrapper\"><div class=\"heading_group_sc wpb_content_element subtitle_bottom    text-left\">\n\n\n    <p>Popri tomto \u0161peci\u00e1lnom podujat\u00ed \u010dak\u00e1 na host\u00ed n\u00e1\u0161ho hostelu v\u00edkend pln\u00fd \u0161t\u00fdlu, kr\u00e1sy a in\u0161pir\u00e1cie v r\u00e1mci Roka Anny. Program je ur\u010den\u00fd v\u00fdlu\u010dne pre hotelov\u00fdch host\u00ed a je bezplatn\u00fd:<\/p>\n<p><strong><img loading=\"lazy\" decoding=\"async\" class=\"wp-image-2892 alignleft\" src=\"https:\/\/annagrandhotel.hu\/wp-content\/uploads\/2023\/11\/emblema-kicsi_Rajztabla-1.png\" alt=\"\" width=\"16\" height=\"16\" srcset=\"https:\/\/annagrandhotel.hu\/wp-content\/uploads\/2023\/11\/emblema-kicsi_Rajztabla-1.png 84w, https:\/\/annagrandhotel.hu\/wp-content\/uploads\/2023\/11\/emblema-kicsi_Rajztabla-1-12x12.png 12w\" sizes=\"auto, (max-width: 16px) 100vw, 16px\" \/>\u0160t\u00fdlov\u00e9 poradenstvo so Zsoltom Ordasim <\/strong>- Objavte svoj vlastn\u00fd \u0161t\u00fdl s profesion\u00e1lom<\/p>\n<p><strong><img loading=\"lazy\" decoding=\"async\" class=\"wp-image-2892 alignleft\" src=\"https:\/\/annagrandhotel.hu\/wp-content\/uploads\/2023\/11\/emblema-kicsi_Rajztabla-1.png\" alt=\"\" width=\"16\" height=\"16\" srcset=\"https:\/\/annagrandhotel.hu\/wp-content\/uploads\/2023\/11\/emblema-kicsi_Rajztabla-1.png 84w, https:\/\/annagrandhotel.hu\/wp-content\/uploads\/2023\/11\/emblema-kicsi_Rajztabla-1-12x12.png 12w\" sizes=\"auto, (max-width: 16px) 100vw, 16px\" \/>Programy pre kr\u00e1su a zdravie -<\/strong> S odborn\u00edkmi z Anna Harangv\u00f6lgyi Kr\u00e1sa a dlhovekos\u0165<strong><br \/>\n<\/strong><\/p>\n<p><strong><img loading=\"lazy\" decoding=\"async\" class=\"wp-image-2892 alignleft\" src=\"https:\/\/annagrandhotel.hu\/wp-content\/uploads\/2023\/11\/emblema-kicsi_Rajztabla-1.png\" alt=\"\" width=\"16\" height=\"16\" srcset=\"https:\/\/annagrandhotel.hu\/wp-content\/uploads\/2023\/11\/emblema-kicsi_Rajztabla-1.png 84w, https:\/\/annagrandhotel.hu\/wp-content\/uploads\/2023\/11\/emblema-kicsi_Rajztabla-1-12x12.png 12w\" sizes=\"auto, (max-width: 16px) 100vw, 16px\" \/>M\u00f3dna prehliadka La Dolce Vibes - <\/strong>Kde sa elegancia stret\u00e1va s letnou \u013eahkos\u0165ou<strong><br \/>\n<\/strong><\/p>\n<p><strong><img loading=\"lazy\" decoding=\"async\" class=\"wp-image-2892 alignleft\" src=\"https:\/\/annagrandhotel.hu\/wp-content\/uploads\/2023\/11\/emblema-kicsi_Rajztabla-1.png\" alt=\"\" width=\"16\" height=\"16\" srcset=\"https:\/\/annagrandhotel.hu\/wp-content\/uploads\/2023\/11\/emblema-kicsi_Rajztabla-1.png 84w, https:\/\/annagrandhotel.hu\/wp-content\/uploads\/2023\/11\/emblema-kicsi_Rajztabla-1-12x12.png 12w\" sizes=\"auto, (max-width: 16px) 100vw, 16px\" \/>DJ est -<\/strong> V\u00fdber atmosf\u00e9rickej hudby na z\u00e1ver d\u0148a<strong><br \/>\n<\/strong><\/p>\n\n\n        <span class=\"subtitle\"><\/span>\n\n<\/div><\/div><\/div><\/div><div class=\"wpb_column vc_column_container vc_col-sm-4\"><div class=\"vc_column-inner\"><div class=\"wpb_wrapper\">\n\t<div  class=\"wpb_single_image wpb_content_element vc_align_left\">\n\t\t\n\t\t<figure class=\"wpb_wrapper vc_figure\">\n\t\t\t<div class=\"vc_single_image-wrapper   vc_box_border_grey\"><img loading=\"lazy\" decoding=\"async\" width=\"1707\" height=\"2560\" src=\"https:\/\/annagrandhotel.hu\/wp-content\/uploads\/2025\/05\/Divattanacsadas-scaled.webp\" class=\"vc_single_image-img attachment-full\" alt=\"\" title=\"M\u00f3dne poradenstvo\" srcset=\"https:\/\/annagrandhotel.hu\/wp-content\/uploads\/2025\/05\/Divattanacsadas-scaled.webp 1707w, https:\/\/annagrandhotel.hu\/wp-content\/uploads\/2025\/05\/Divattanacsadas-200x300.webp 200w, https:\/\/annagrandhotel.hu\/wp-content\/uploads\/2025\/05\/Divattanacsadas-683x1024.webp 683w, https:\/\/annagrandhotel.hu\/wp-content\/uploads\/2025\/05\/Divattanacsadas-768x1152.webp 768w, https:\/\/annagrandhotel.hu\/wp-content\/uploads\/2025\/05\/Divattanacsadas-1024x1536.webp 1024w, https:\/\/annagrandhotel.hu\/wp-content\/uploads\/2025\/05\/Divattanacsadas-1365x2048.webp 1365w, https:\/\/annagrandhotel.hu\/wp-content\/uploads\/2025\/05\/Divattanacsadas-8x12.webp 8w\" sizes=\"auto, (max-width: 1707px) 100vw, 1707px\" \/><\/div>\n\t\t<\/figure>\n\t<\/div>\n<\/div><\/div><\/div><\/div>\n<\/div>","protected":false},"excerpt":{"rendered":"Ann\u00e1k \u00e9ve | Besz\u00e9lget\u00e9s a J\u00e9gvar\u00e1zs szt\u00e1rjaival 08.09. 18:00 | Anna Caf\u00e9 Ann\u00e1k \u00e9ve powered by GLAMOUR \u2013 Exkluz\u00edv besz\u00e9lget\u00e9s a J\u00e9gvar\u00e1zs c\u00edm\u0171 musical Ann\u00e1j\u00e1t j\u00e1tsz\u00f3 sz\u00edn\u00e9szn\u0151kkel Id\u0151pont: 2025. augusztus 9. (szombat), 18:00Helysz\u00edn: Anna Caf\u00e9 | Balatonf\u00fcred Augusztus 9-\u00e9n egy igaz\u00e1n k\u00fcl\u00f6nleges est\u00e9re invit\u00e1lunk mindenkit Balatonf\u00fcredre, az Ann\u00e1k \u00e9ve powered by GLAMOUR rendezv\u00e9nysorozat k\u00f6vetkez\u0151 \u00e1llom\u00e1s\u00e1ra. [...]","protected":false},"author":1,"featured_media":5125,"comment_status":"closed","ping_status":"open","sticky":false,"template":"","format":"standard","meta":{"footnotes":""},"categories":[6],"tags":[],"class_list":["post-5124","post","type-post","status-publish","format-standard","has-post-thumbnail","hentry","category-rendezveny"],"aioseo_notices":[],"_links":{"self":[{"href":"https:\/\/annagrandhotel.hu\/sk\/wp-json\/wp\/v2\/posts\/5124","targetHints":{"allow":["GET"]}}],"collection":[{"href":"https:\/\/annagrandhotel.hu\/sk\/wp-json\/wp\/v2\/posts"}],"about":[{"href":"https:\/\/annagrandhotel.hu\/sk\/wp-json\/wp\/v2\/types\/post"}],"author":[{"embeddable":true,"href":"https:\/\/annagrandhotel.hu\/sk\/wp-json\/wp\/v2\/users\/1"}],"replies":[{"embeddable":true,"href":"https:\/\/annagrandhotel.hu\/sk\/wp-json\/wp\/v2\/comments?post=5124"}],"version-history":[{"count":7,"href":"https:\/\/annagrandhotel.hu\/sk\/wp-json\/wp\/v2\/posts\/5124\/revisions"}],"predecessor-version":[{"id":5133,"href":"https:\/\/annagrandhotel.hu\/sk\/wp-json\/wp\/v2\/posts\/5124\/revisions\/5133"}],"wp:featuredmedia":[{"embeddable":true,"href":"https:\/\/annagrandhotel.hu\/sk\/wp-json\/wp\/v2\/media\/5125"}],"wp:attachment":[{"href":"https:\/\/annagrandhotel.hu\/sk\/wp-json\/wp\/v2\/media?parent=5124"}],"wp:term":[{"taxonomy":"category","embeddable":true,"href":"https:\/\/annagrandhotel.hu\/sk\/wp-json\/wp\/v2\/categories?post=5124"},{"taxonomy":"post_tag","embeddable":true,"href":"https:\/\/annagrandhotel.hu\/sk\/wp-json\/wp\/v2\/tags?post=5124"}],"curies":[{"name":"wp","href":"https:\/\/api.w.org\/{rel}","templated":true}]}}