{"id":5073,"date":"2025-07-30T10:01:28","date_gmt":"2025-07-30T08:01:28","guid":{"rendered":"https:\/\/annagrandhotel.hu\/?p=5073"},"modified":"2025-07-30T18:35:18","modified_gmt":"2025-07-30T16:35:18","slug":"takychto-200-anna-zostalo","status":"publish","type":"post","link":"https:\/\/annagrandhotel.hu\/sk\/ilyen-volt-a-200-anna-bal\/","title":{"rendered":"Svetl\u00e1, trad\u00edcie, oslavy - to bol 200. ples Anny"},"content":{"rendered":"<div class=\"wpb-content-wrapper\"><div class=\"vc_row wpb_row vc_row-fluid vc_custom_1753861676548 vc_row-has-fill\"><div class=\"wpb_column vc_column_container vc_col-sm-12\"><div class=\"vc_column-inner\"><div class=\"wpb_wrapper\"><div class=\"heading_group_sc wpb_content_element subtitle_bottom    text-left\">\n\n\n    <h2>Svetl\u00e1, trad\u00edcie, oslavy - to bol 200. ples Anny<\/h2>\n\n\n        <span class=\"subtitle\"><\/span>\n\n<\/div><div class=\"heading_group_sc wpb_content_element subtitle_bottom    text-left\">\n\n\n    <p style=\"text-align: justify;\"><strong>27. j\u00fala sme boli svedkami historick\u00e9ho okamihu v Balatonf\u00fcrede: u\u017e po dvest\u00fdkr\u00e1t sa konal Anna b\u00e1l, jedno z najstar\u0161\u00edch a najpatriotickej\u0161\u00edch spolo\u010densk\u00fdch podujat\u00ed v Ma\u010farsku. Podujatie sa op\u00e4\u0165 konalo v Grand Hoteli Anna, kde takmer osemsto host\u00ed osl\u00e1vilo trad\u00edcie a obnovu plesovej kult\u00fary - \u010do bolo d\u00f4stojnou poctou dvestoro\u010dnej hist\u00f3rii plesu.<\/strong><\/p>\n\n\n        <span class=\"subtitle\"><\/span>\n\n<\/div><\/div><\/div><\/div><\/div><div class=\"vc_row wpb_row vc_row-fluid vc_custom_1753798728453 vc_row-has-fill\"><div class=\"wpb_column vc_column_container vc_col-sm-6\"><div class=\"vc_column-inner\"><div class=\"wpb_wrapper\"><div class=\"heading_group_sc wpb_content_element subtitle_bottom   vc_custom_1753798793351  text-left\">\n\n\n    <h3>Ve\u010der, ktor\u00fd je viac ako ples<\/h3>\n\n\n        <span class=\"subtitle\"><\/span>\n\n<\/div><div class=\"heading_group_sc wpb_content_element subtitle_bottom   vc_custom_1753800220107  text-left\">\n\n\n    <p style=\"text-align: justify;\">Tento rok sa na 200. Anninom plese op\u00e4\u0165 z\u00fa\u010dastnili zn\u00e1me osobnosti verejn\u00e9ho \u017eivota, niektor\u00e9 ako hostia a in\u00e9 ako \u00fa\u010dinkuj\u00faci, aby dodali ve\u010deru lesk. Na terase hotela, v exkluz\u00edvne otvorenej kaviarni Anna, bolo tie\u017e \u017eivo: historick\u00e9 miesto sl\u00fa\u017eilo ako nov\u00e9 a elegantn\u00e9 miesto stretnutia host\u00ed.<\/p>\n\n\n        <span class=\"subtitle\"><\/span>\n\n<\/div><\/div><\/div><\/div><div class=\"wpb_column vc_column_container vc_col-sm-6\"><div class=\"vc_column-inner\"><div class=\"wpb_wrapper\">\n\t<div  class=\"wpb_single_image wpb_content_element vc_align_left\">\n\t\t\n\t\t<figure class=\"wpb_wrapper vc_figure\">\n\t\t\t<div class=\"vc_single_image-wrapper   vc_box_border_grey\"><img loading=\"lazy\" decoding=\"async\" width=\"800\" height=\"608\" src=\"https:\/\/annagrandhotel.hu\/wp-content\/uploads\/2025\/07\/Anna-Bal.webp\" class=\"vc_single_image-img attachment-full\" alt=\"\" title=\"Anna Ball\" srcset=\"https:\/\/annagrandhotel.hu\/wp-content\/uploads\/2025\/07\/Anna-Bal.webp 800w, https:\/\/annagrandhotel.hu\/wp-content\/uploads\/2025\/07\/Anna-Bal-300x228.webp 300w, https:\/\/annagrandhotel.hu\/wp-content\/uploads\/2025\/07\/Anna-Bal-768x584.webp 768w, https:\/\/annagrandhotel.hu\/wp-content\/uploads\/2025\/07\/Anna-Bal-16x12.webp 16w\" sizes=\"auto, (max-width: 800px) 100vw, 800px\" \/><\/div><figcaption class=\"vc_figure-caption\">Foto: redphoto.hu<\/figcaption>\n\t\t<\/figure>\n\t<\/div>\n<\/div><\/div><\/div><\/div><div class=\"vc_row wpb_row vc_row-fluid vc_custom_1753861159404 vc_row-has-fill\"><div class=\"wpb_column vc_column_container vc_col-sm-12 vc_col-has-fill\"><div class=\"vc_column-inner vc_custom_1753799317567\"><div class=\"wpb_wrapper\"><div class=\"heading_group_sc wpb_content_element subtitle_bottom   vc_custom_1753861048534  text-left\">\n\n\n    <h3>Trad\u00edcia a modern\u00e1 elegancia<\/h3>\n\n\n        <span class=\"subtitle\"><\/span>\n\n<\/div><\/div><\/div><\/div><\/div><div class=\"vc_row wpb_row vc_row-fluid vc_custom_1753798728453 vc_row-has-fill\"><div class=\"wpb_column vc_column_container vc_col-sm-6 vc_col-has-fill\"><div class=\"vc_column-inner vc_custom_1753861101622\"><div class=\"wpb_wrapper\">\n\t<div  class=\"wpb_single_image wpb_content_element vc_align_left  vc_custom_1753861926508\">\n\t\t\n\t\t<figure class=\"wpb_wrapper vc_figure\">\n\t\t\t<div class=\"vc_single_image-wrapper   vc_box_border_grey\"><img loading=\"lazy\" decoding=\"async\" width=\"800\" height=\"696\" src=\"https:\/\/annagrandhotel.hu\/wp-content\/uploads\/2025\/07\/Elegancia_1.webp\" class=\"vc_single_image-img attachment-full\" alt=\"\" title=\"Elegancia_1\" srcset=\"https:\/\/annagrandhotel.hu\/wp-content\/uploads\/2025\/07\/Elegancia_1.webp 800w, https:\/\/annagrandhotel.hu\/wp-content\/uploads\/2025\/07\/Elegancia_1-300x261.webp 300w, https:\/\/annagrandhotel.hu\/wp-content\/uploads\/2025\/07\/Elegancia_1-768x668.webp 768w, https:\/\/annagrandhotel.hu\/wp-content\/uploads\/2025\/07\/Elegancia_1-14x12.webp 14w\" sizes=\"auto, (max-width: 800px) 100vw, 800px\" \/><\/div><figcaption class=\"vc_figure-caption\">Foto: redphoto.hu<\/figcaption>\n\t\t<\/figure>\n\t<\/div>\n<\/div><\/div><\/div><div class=\"wpb_column vc_column_container vc_col-sm-6 vc_col-has-fill\"><div class=\"vc_column-inner vc_custom_1753861091526\"><div class=\"wpb_wrapper\"><div class=\"heading_group_sc wpb_content_element subtitle_bottom   vc_custom_1753887998304  text-left\">\n\n\n    <p style=\"text-align: justify;\">Jubilejn\u00fd ples Anny bol vhodn\u00fdm odrazom osobit\u00e9ho sveta, ktor\u00fd sp\u00e1ja plesov\u00fa kult\u00faru reformnej \u00e9ry so sl\u00e1vnostnou eleganciou dne\u0161ka. Tento rok mali d\u00e1my na sebe perle\u0165ovo modr\u00e9 porcel\u00e1nov\u00e9 srdcia Herend s perle\u0165ov\u00fdm leskom, ktor\u00fdch farby evokovali svet mu\u0161l\u00ed od Balatonu. Ve\u010der otvoril Mendelssohnov komorn\u00fd orchester s palot\u00e1\u017eou a val\u010d\u00edkom, ktor\u00fd zatancovali baletky Opery. Ve\u010der obohatilo operetn\u00e9 predstavenie, koncert cig\u00e1nskej hudby a vyst\u00fapenie Farkas G\u00e1briel Showband.<\/p>\n\n\n        <span class=\"subtitle\"><\/span>\n\n<\/div><\/div><\/div><\/div><\/div><div class=\"vc_row wpb_row vc_row-fluid vc_custom_1753798719565 vc_row-has-fill\"><div class=\"wpb_column vc_column_container vc_col-sm-12 vc_col-has-fill\"><div class=\"vc_column-inner vc_custom_1753861078556\"><div class=\"wpb_wrapper\"><div class=\"heading_group_sc wpb_content_element subtitle_bottom   vc_custom_1753888048207  text-left\">\n\n\n    <p style=\"text-align: justify;\">Hlavn\u00fdm patr\u00f3nom plesu bol Dr. Tam\u00e1s Freund, predseda Ma\u010farskej akad\u00e9mie vied, ktor\u00fd ozn\u00e1mil vznik hnutia za vedu priate\u013esk\u00fa k os\u00eddleniu - Balatonf\u00fcred je prv\u00fdm dr\u017eite\u013eom tohto titulu. Cenu Ern\u0151 Kissa, ktorou sa ka\u017edoro\u010dne oce\u0148uje osoba, ktor\u00e1 sa v\u00fdznamne zasl\u00fa\u017eila o kult\u00farny \u017eivot mesta, z\u00edskal tento rok liter\u00e1rny historik Mih\u00e1ly Praznovszky.<\/p>\n\n\n        <span class=\"subtitle\"><\/span>\n\n<\/div><\/div><\/div><\/div><\/div><div class=\"vc_row wpb_row vc_row-fluid vc_custom_1753798728453 vc_row-has-fill\"><div class=\"wpb_column vc_column_container vc_col-sm-12\"><div class=\"vc_column-inner\"><div class=\"wpb_wrapper\"><div class=\"heading_group_sc wpb_content_element subtitle_bottom   vc_custom_1753799856246  text-left\">\n\n\n    <h3>Kr\u00e1ska Anninho plesu<\/h3>\n\n\n        <span class=\"subtitle\"><\/span>\n\n<\/div>\n\t<div  class=\"wpb_single_image wpb_content_element vc_align_left\">\n\t\t\n\t\t<figure class=\"wpb_wrapper vc_figure\">\n\t\t\t<div class=\"vc_single_image-wrapper   vc_box_border_grey\"><img loading=\"lazy\" decoding=\"async\" width=\"1618\" height=\"1080\" src=\"https:\/\/annagrandhotel.hu\/wp-content\/uploads\/2025\/07\/anna-bl-2025-454.webp\" class=\"vc_single_image-img attachment-full\" alt=\"\" title=\"anna-bl-2025-454\" srcset=\"https:\/\/annagrandhotel.hu\/wp-content\/uploads\/2025\/07\/anna-bl-2025-454.webp 1618w, https:\/\/annagrandhotel.hu\/wp-content\/uploads\/2025\/07\/anna-bl-2025-454-300x200.webp 300w, https:\/\/annagrandhotel.hu\/wp-content\/uploads\/2025\/07\/anna-bl-2025-454-1024x684.webp 1024w, https:\/\/annagrandhotel.hu\/wp-content\/uploads\/2025\/07\/anna-bl-2025-454-768x513.webp 768w, https:\/\/annagrandhotel.hu\/wp-content\/uploads\/2025\/07\/anna-bl-2025-454-1536x1025.webp 1536w, https:\/\/annagrandhotel.hu\/wp-content\/uploads\/2025\/07\/anna-bl-2025-454-18x12.webp 18w\" sizes=\"auto, (max-width: 1618px) 100vw, 1618px\" \/><\/div><figcaption class=\"vc_figure-caption\">Foto: redphoto.hu<\/figcaption>\n\t\t<\/figure>\n\t<\/div>\n<div class=\"heading_group_sc wpb_content_element subtitle_bottom   vc_custom_1753800057386  text-left\">\n\n\n    <p style=\"text-align: justify;\">Vrcholom plesu bolo vyhl\u00e1senie 15 najkraj\u0161\u00edch d\u00e1m plesu a ich dvorn\u00fdch d\u00e1m pod\u013ea hlasovania publika. Kr\u00e1\u013eovnou Plesu 2025 sa stala Laura Szab\u00f3ov\u00e1 z Budape\u0161ti, prvou d\u00e1mou Laura Windischov\u00e1 a druhou d\u00e1mou Laura Zsoldosov\u00e1 - v\u0161etky tri prv\u00e9 baletky, ktor\u00e9 porotu zaujali svojou prirodzenou eleganciou. Kr\u00e1ska plesu dostala zlat\u00e9 jablko a modernizovan\u00fa v\u00e1zu Herend so vzorom Victoria, zatia\u013e \u010do jej dvorn\u00e9 d\u00e1my dostali porcel\u00e1n Herend so vzorom Rothschild a Apponyi.<\/p>\n<p style=\"text-align: justify;\">Na tohtoro\u010dnom plese sa novozvolen\u00e9 kr\u00e1sky po prv\u00fd raz pre\u0161li z hotela Anna Grand na promen\u00e1du Tagore, kde sa symbolicky poklonili Balatonu kyticami a vzdali hold jazeru a mestu.<\/p>\n<p style=\"text-align: justify;\">Nasleduj\u00faci de\u0148 sa kr\u00e1sky previezli na tradi\u010dnom ko\u010di po Tagore Promenade, stretli sa s div\u00e1kmi na p\u00f3diu Kisfaludy a potom im nezabudnute\u013en\u00e9 dopoludnie spr\u00edjemnil \u0161peci\u00e1lny cig\u00e1nsky flashmob s dvesto \u013eu\u010fmi.<\/p>\n\n\n        <span class=\"subtitle\"><\/span>\n\n<\/div><\/div><\/div><\/div><\/div><div class=\"vc_row wpb_row vc_row-fluid vc_custom_1753800954623 vc_row-has-fill\"><div class=\"wpb_column vc_column_container vc_col-sm-12\"><div class=\"vc_column-inner\"><div class=\"wpb_wrapper\"><div class=\"heading_group_sc wpb_content_element subtitle_bottom   vc_custom_1753800111116  text-left\">\n\n\n    <h3>Oslavujte po cel\u00fd rok - <em data-start=\"2820\" data-end=\"2850\">Rok Anny powered by GLAMOUR<\/em><\/h3>\n\n\n        <span class=\"subtitle\"><\/span>\n\n<\/div>\n\t<div  class=\"wpb_single_image wpb_content_element vc_align_left\">\n\t\t\n\t\t<figure class=\"wpb_wrapper vc_figure\">\n\t\t\t<div class=\"vc_single_image-wrapper   vc_box_border_grey\"><img loading=\"lazy\" decoding=\"async\" width=\"2251\" height=\"434\" src=\"https:\/\/annagrandhotel.hu\/wp-content\/uploads\/2025\/07\/Jegvarazs-Annak-eve_banner.webp\" class=\"vc_single_image-img attachment-full\" alt=\"\" title=\"Ice Magic Annas rok_banner\" srcset=\"https:\/\/annagrandhotel.hu\/wp-content\/uploads\/2025\/07\/Jegvarazs-Annak-eve_banner.webp 2251w, https:\/\/annagrandhotel.hu\/wp-content\/uploads\/2025\/07\/Jegvarazs-Annak-eve_banner-300x58.webp 300w, https:\/\/annagrandhotel.hu\/wp-content\/uploads\/2025\/07\/Jegvarazs-Annak-eve_banner-1024x197.webp 1024w, https:\/\/annagrandhotel.hu\/wp-content\/uploads\/2025\/07\/Jegvarazs-Annak-eve_banner-768x148.webp 768w, https:\/\/annagrandhotel.hu\/wp-content\/uploads\/2025\/07\/Jegvarazs-Annak-eve_banner-1536x296.webp 1536w, https:\/\/annagrandhotel.hu\/wp-content\/uploads\/2025\/07\/Jegvarazs-Annak-eve_banner-2048x395.webp 2048w, https:\/\/annagrandhotel.hu\/wp-content\/uploads\/2025\/07\/Jegvarazs-Annak-eve_banner-18x3.webp 18w\" sizes=\"auto, (max-width: 2251px) 100vw, 2251px\" \/><\/div>\n\t\t<\/figure>\n\t<\/div>\n<div class=\"heading_group_sc wpb_content_element subtitle_bottom   vc_custom_1753862429642  text-left\">\n\n\n    <p style=\"text-align: justify;\">Na oslavu jubilejn\u00e9ho roka sa nekon\u00e1 len jeden ve\u010der, ale cel\u00e1 s\u00e9ria podujat\u00ed na po\u010des\u0165 Anninho plesu. Rok Anny powered by GLAMOUR, ktor\u00fd sa za\u010dal ako spolo\u010dn\u00e1 iniciat\u00edva Grand Hotela Anna a \u010dasopisu GLAMOUR, bude ka\u017ed\u00fd mesiac v Balatonf\u00fcrede hosti\u0165 ikonick\u00fa Annu.<\/p>\n<p style=\"text-align: justify;\">9. augusta o 18:00 sa here\u010dky, ktor\u00e9 hrali Annu v muzik\u00e1li \u013dadov\u00e9 k\u00fazlo - Anita Gad\u00f3, Hien a Aisha Kardffy - podelia o svoje z\u00e1kulisn\u00e9 tajomstv\u00e1 a sk\u00fasenosti na in\u0161pirat\u00edvnej predn\u00e1\u0161ke v kaviarni Anna. Podujatie je otvoren\u00e9 pre v\u0161etk\u00fdch a vy\u017eaduje si registr\u00e1ciu.<\/p>\n\n\n        <span class=\"subtitle\"><\/span>\n\n<\/div><\/div><\/div><\/div><\/div><div class=\"vc_row wpb_row vc_row-fluid\"><div class=\"wpb_column vc_column_container vc_col-sm-12\"><div class=\"vc_column-inner\"><div class=\"wpb_wrapper\">\n\t<div class=\"wpb_text_column wpb_content_element\" >\n\t\t<div class=\"wpb_wrapper\">\n\t\t\t\n\t\t<\/div>\n\t<\/div>\n<\/div><\/div><\/div><\/div>\n<\/div>","protected":false},"excerpt":{"rendered":"F\u00e9nyek, hagyom\u00e1nyok, \u00fcnnep \u2013 ilyen volt a 200. Anna-b\u00e1l J\u00falius 27-\u00e9n t\u00f6rt\u00e9nelmi pillanat tan\u00fai lehett\u00fcnk Balatonf\u00fcreden: k\u00e9tsz\u00e1zadik alkalommal rendezt\u00e9k meg Magyarorsz\u00e1g egyik legr\u00e9gebbi \u00e9s legpatin\u00e1sabb t\u00e1rsas\u00e1gi esem\u00e9ny\u00e9t, az Anna-b\u00e1lt. Az esem\u00e9ny ez\u00fattal is az Anna Grand Hotelben kapott otthont, ahol k\u00f6zel nyolcsz\u00e1z vend\u00e9g \u00fcnnepelte a hagyom\u00e1nyokat \u00e9s a meg\u00fajul\u00f3 b\u00e1li kult\u00far\u00e1t \u2013 m\u00e9lt\u00f3 m\u00f3don tisztelegve [...]","protected":false},"author":1,"featured_media":5116,"comment_status":"closed","ping_status":"open","sticky":false,"template":"","format":"standard","meta":{"footnotes":""},"categories":[6],"tags":[],"class_list":["post-5073","post","type-post","status-publish","format-standard","has-post-thumbnail","hentry","category-rendezveny"],"aioseo_notices":[],"_links":{"self":[{"href":"https:\/\/annagrandhotel.hu\/sk\/wp-json\/wp\/v2\/posts\/5073","targetHints":{"allow":["GET"]}}],"collection":[{"href":"https:\/\/annagrandhotel.hu\/sk\/wp-json\/wp\/v2\/posts"}],"about":[{"href":"https:\/\/annagrandhotel.hu\/sk\/wp-json\/wp\/v2\/types\/post"}],"author":[{"embeddable":true,"href":"https:\/\/annagrandhotel.hu\/sk\/wp-json\/wp\/v2\/users\/1"}],"replies":[{"embeddable":true,"href":"https:\/\/annagrandhotel.hu\/sk\/wp-json\/wp\/v2\/comments?post=5073"}],"version-history":[{"count":42,"href":"https:\/\/annagrandhotel.hu\/sk\/wp-json\/wp\/v2\/posts\/5073\/revisions"}],"predecessor-version":[{"id":5122,"href":"https:\/\/annagrandhotel.hu\/sk\/wp-json\/wp\/v2\/posts\/5073\/revisions\/5122"}],"wp:featuredmedia":[{"embeddable":true,"href":"https:\/\/annagrandhotel.hu\/sk\/wp-json\/wp\/v2\/media\/5116"}],"wp:attachment":[{"href":"https:\/\/annagrandhotel.hu\/sk\/wp-json\/wp\/v2\/media?parent=5073"}],"wp:term":[{"taxonomy":"category","embeddable":true,"href":"https:\/\/annagrandhotel.hu\/sk\/wp-json\/wp\/v2\/categories?post=5073"},{"taxonomy":"post_tag","embeddable":true,"href":"https:\/\/annagrandhotel.hu\/sk\/wp-json\/wp\/v2\/tags?post=5073"}],"curies":[{"name":"wp","href":"https:\/\/api.w.org\/{rel}","templated":true}]}}