{"id":4962,"date":"2025-05-12T13:17:14","date_gmt":"2025-05-12T11:17:14","guid":{"rendered":"https:\/\/annagrandhotel.hu\/?p=4962"},"modified":"2025-05-13T06:52:11","modified_gmt":"2025-05-13T04:52:11","slug":"jeho-predvecer-2025-24-maja-programy","status":"publish","type":"post","link":"https:\/\/annagrandhotel.hu\/sk\/annak-eve-2025-majus-24-programok\/","title":{"rendered":"Rok Anny 2025 | 24. m\u00e1ja Programy"},"content":{"rendered":"<div class=\"wpb-content-wrapper\"><div class=\"vc_row wpb_row vc_row-fluid vc_custom_1747046078975 vc_row-has-fill\"><div class=\"wpb_column vc_column_container vc_col-sm-12\"><div class=\"vc_column-inner\"><div class=\"wpb_wrapper\"><div class=\"heading_group_sc wpb_content_element subtitle_bottom   vc_custom_1747046112467  text-left\">\n\n\n    <h2 style=\"text-align: left;\">Pridajte sa k n\u00e1m op\u00e4\u0165 24. m\u00e1ja - \u010fal\u0161\u00ed v\u00fdnimo\u010dn\u00fd ve\u010der pri pr\u00edle\u017eitosti Roku Anny!<\/h2>\n\n\n        <span class=\"subtitle\"><\/span>\n\n<\/div><\/div><\/div><\/div><\/div><div class=\"vc_row wpb_row vc_row-fluid vc_custom_1747043635211 vc_row-has-fill\"><div class=\"wpb_column vc_column_container vc_col-sm-6\"><div class=\"vc_column-inner\"><div class=\"wpb_wrapper\"><div class=\"heading_group_sc wpb_content_element subtitle_bottom    text-left\">\n\n\n    <p style=\"text-align: justify;\"><strong>V sobotu 24. m\u00e1ja ve\u010der bude \u010fal\u0161\u00edm hos\u0165om podujatia Rok Anny powered by GLAMOUR m\u00f3dna n\u00e1vrh\u00e1rka Anna Daubnerov\u00e1.<\/strong><br data-start=\"291\" data-end=\"294\" \/><strong>Na terase kaviarne Anna Caf\u00e9, v pravej balatonskej atmosf\u00e9re, sa bude hovori\u0165 o minulosti, kari\u00e9re m\u00f3dnej n\u00e1vrh\u00e1rky, jej in\u0161pir\u00e1ci\u00e1ch a samozrejme o Anninom vz\u0165ahu k Balatonu.<\/strong><\/p>\n\n\n        <span class=\"subtitle\"><\/span>\n\n<\/div><div class=\"heading_group_sc wpb_content_element subtitle_bottom    text-left\">\n\n\n    <p style=\"text-align: justify;\">D\u00e1tum: <strong>2025.05.24. 18:00<\/strong><br \/>\nUmiestnenie: <strong>Kaviare\u0148 Anna<\/strong><\/p>\n<p>Po skon\u010den\u00ed predn\u00e1\u0161ky sa oplat\u00ed zosta\u0165 v hotelovom Lounge bare, kde sa DJ postar\u00e1 o z\u00e1bavu na cel\u00fa noc!<\/p>\n\n\n        <span class=\"subtitle\"><\/span>\n\n<\/div><\/div><\/div><\/div><div class=\"wpb_column vc_column_container vc_col-sm-6\"><div class=\"vc_column-inner\"><div class=\"wpb_wrapper\">\n\t<div  class=\"wpb_single_image wpb_content_element vc_align_left\">\n\t\t\n\t\t<figure class=\"wpb_wrapper vc_figure\">\n\t\t\t<div class=\"vc_single_image-wrapper   vc_box_border_grey\"><img loading=\"lazy\" decoding=\"async\" width=\"1772\" height=\"2362\" src=\"https:\/\/annagrandhotel.hu\/wp-content\/uploads\/2025\/05\/Daubner-Anna.webp\" class=\"vc_single_image-img attachment-full\" alt=\"\" title=\"Anna Daubnerov\u00e1\" srcset=\"https:\/\/annagrandhotel.hu\/wp-content\/uploads\/2025\/05\/Daubner-Anna.webp 1772w, https:\/\/annagrandhotel.hu\/wp-content\/uploads\/2025\/05\/Daubner-Anna-225x300.webp 225w, https:\/\/annagrandhotel.hu\/wp-content\/uploads\/2025\/05\/Daubner-Anna-768x1024.webp 768w, https:\/\/annagrandhotel.hu\/wp-content\/uploads\/2025\/05\/Daubner-Anna-1152x1536.webp 1152w, https:\/\/annagrandhotel.hu\/wp-content\/uploads\/2025\/05\/Daubner-Anna-1536x2048.webp 1536w, https:\/\/annagrandhotel.hu\/wp-content\/uploads\/2025\/05\/Daubner-Anna-9x12.webp 9w\" sizes=\"auto, (max-width: 1772px) 100vw, 1772px\" \/><\/div>\n\t\t<\/figure>\n\t<\/div>\n<\/div><\/div><\/div><\/div><div class=\"vc_row wpb_row vc_row-fluid vc_custom_1747043600436 vc_row-has-fill\"><div class=\"wpb_column vc_column_container vc_col-sm-12\"><div class=\"vc_column-inner\"><div class=\"wpb_wrapper\"><div class=\"heading_group_sc wpb_content_element subtitle_bottom   vc_custom_1747043616772  text-left\">\n\n\n    <h3>Exkluz\u00edvne mo\u017enosti pre na\u0161ich hotelov\u00fdch host\u00ed<\/h3>\n\n\n        <span class=\"subtitle\"><\/span>\n\n<\/div><\/div><\/div><\/div><\/div><div class=\"vc_row wpb_row vc_row-fluid vc_custom_1747042490739 vc_row-has-fill\"><div class=\"wpb_column vc_column_container vc_col-sm-8\"><div class=\"vc_column-inner\"><div class=\"wpb_wrapper\"><div class=\"heading_group_sc wpb_content_element subtitle_bottom    text-left\">\n\n\n    <p><strong><img loading=\"lazy\" decoding=\"async\" class=\"wp-image-2892 alignleft\" src=\"https:\/\/annagrandhotel.hu\/wp-content\/uploads\/2023\/11\/emblema-kicsi_Rajztabla-1.png\" alt=\"\" width=\"16\" height=\"16\" srcset=\"https:\/\/annagrandhotel.hu\/wp-content\/uploads\/2023\/11\/emblema-kicsi_Rajztabla-1.png 84w, https:\/\/annagrandhotel.hu\/wp-content\/uploads\/2023\/11\/emblema-kicsi_Rajztabla-1-12x12.png 12w\" sizes=\"auto, (max-width: 16px) 100vw, 16px\" \/>Poradenstvo v oblasti \u0161t\u00fdlu <\/strong>- individu\u00e1lne obliekanie a farebn\u00e9 poradenstvo od Ordasi Zsolt<\/p>\n<p><strong><img loading=\"lazy\" decoding=\"async\" class=\"wp-image-2892 alignleft\" src=\"https:\/\/annagrandhotel.hu\/wp-content\/uploads\/2023\/11\/emblema-kicsi_Rajztabla-1.png\" alt=\"\" width=\"16\" height=\"16\" srcset=\"https:\/\/annagrandhotel.hu\/wp-content\/uploads\/2023\/11\/emblema-kicsi_Rajztabla-1.png 84w, https:\/\/annagrandhotel.hu\/wp-content\/uploads\/2023\/11\/emblema-kicsi_Rajztabla-1-12x12.png 12w\" sizes=\"auto, (max-width: 16px) 100vw, 16px\" \/>Anal\u00fdza zlo\u017eenia ko\u017ee <\/strong>- personalizovan\u00e9 odpor\u00fa\u010dania pre kr\u00e1su v\u010faka zna\u010dke Anna Harangv\u00f6lgyi Beauty and Longevity<\/p>\n<p><strong><img loading=\"lazy\" decoding=\"async\" class=\"wp-image-2892 alignleft\" src=\"https:\/\/annagrandhotel.hu\/wp-content\/uploads\/2023\/11\/emblema-kicsi_Rajztabla-1.png\" alt=\"\" width=\"16\" height=\"16\" srcset=\"https:\/\/annagrandhotel.hu\/wp-content\/uploads\/2023\/11\/emblema-kicsi_Rajztabla-1.png 84w, https:\/\/annagrandhotel.hu\/wp-content\/uploads\/2023\/11\/emblema-kicsi_Rajztabla-1-12x12.png 12w\" sizes=\"auto, (max-width: 16px) 100vw, 16px\" \/>Kozmetick\u00e9 poradenstvo <\/strong>- profesion\u00e1lne tipy pre zdrav\u00fa a \u017eiariv\u00fa ple\u0165 od Anny Harangv\u00f6lgyi Beauty and Longevity<\/p>\n<p><strong><img loading=\"lazy\" decoding=\"async\" class=\"wp-image-2892 alignleft\" src=\"https:\/\/annagrandhotel.hu\/wp-content\/uploads\/2023\/11\/emblema-kicsi_Rajztabla-1.png\" alt=\"\" width=\"16\" height=\"16\" srcset=\"https:\/\/annagrandhotel.hu\/wp-content\/uploads\/2023\/11\/emblema-kicsi_Rajztabla-1.png 84w, https:\/\/annagrandhotel.hu\/wp-content\/uploads\/2023\/11\/emblema-kicsi_Rajztabla-1-12x12.png 12w\" sizes=\"auto, (max-width: 16px) 100vw, 16px\" \/>Ochutn\u00e1vka v\u00edna<\/strong> - v\u00fdber v\u00edn na doplnenie ve\u010dera<\/p>\n\n\n        <span class=\"subtitle\"><\/span>\n\n<\/div><\/div><\/div><\/div><div class=\"wpb_column vc_column_container vc_col-sm-4\"><div class=\"vc_column-inner\"><div class=\"wpb_wrapper\">\n\t<div  class=\"wpb_single_image wpb_content_element vc_align_left\">\n\t\t\n\t\t<figure class=\"wpb_wrapper vc_figure\">\n\t\t\t<div class=\"vc_single_image-wrapper   vc_box_border_grey\"><img loading=\"lazy\" decoding=\"async\" width=\"1707\" height=\"2560\" src=\"https:\/\/annagrandhotel.hu\/wp-content\/uploads\/2025\/05\/Divattanacsadas-scaled.webp\" class=\"vc_single_image-img attachment-full\" alt=\"\" title=\"M\u00f3dne poradenstvo\" srcset=\"https:\/\/annagrandhotel.hu\/wp-content\/uploads\/2025\/05\/Divattanacsadas-scaled.webp 1707w, https:\/\/annagrandhotel.hu\/wp-content\/uploads\/2025\/05\/Divattanacsadas-200x300.webp 200w, https:\/\/annagrandhotel.hu\/wp-content\/uploads\/2025\/05\/Divattanacsadas-683x1024.webp 683w, https:\/\/annagrandhotel.hu\/wp-content\/uploads\/2025\/05\/Divattanacsadas-768x1152.webp 768w, https:\/\/annagrandhotel.hu\/wp-content\/uploads\/2025\/05\/Divattanacsadas-1024x1536.webp 1024w, https:\/\/annagrandhotel.hu\/wp-content\/uploads\/2025\/05\/Divattanacsadas-1365x2048.webp 1365w, https:\/\/annagrandhotel.hu\/wp-content\/uploads\/2025\/05\/Divattanacsadas-8x12.webp 8w\" sizes=\"auto, (max-width: 1707px) 100vw, 1707px\" \/><\/div>\n\t\t<\/figure>\n\t<\/div>\n<\/div><\/div><\/div><\/div>\n<\/div>","protected":false},"excerpt":{"rendered":"Tartson vel\u00fcnk m\u00e1jus 24-\u00e9n is \u2013 \u00fajabb k\u00fcl\u00f6nleges est\u00e9vel folytat\u00f3dik az Ann\u00e1k \u00c9ve! M\u00e1jus 24-\u00e9n, szombat este Daubner Anna divattervez\u0151 lesz az Ann\u00e1k \u00e9ve powered by GLAMOUR esem\u00e9nysorozatunk k\u00f6vetkez\u0151 vend\u00e9ge.Az igazi balatoni hangulat\u00fa Anna Caf\u00e9 terasz\u00e1n sz\u00f3 lesz m\u00faltr\u00f3l, a divattervez\u0151i p\u00e1ly\u00e1r\u00f3l, inspir\u00e1ci\u00f3kr\u00f3l \u00e9s term\u00e9szetesen Anna Balatonhoz f\u0171z\u0151d\u0151 kapcsolat\u00e1r\u00f3l is. Id\u0151pont: 2025.05.24. 18:00 Helysz\u00edn: Anna [...]","protected":false},"author":1,"featured_media":4975,"comment_status":"closed","ping_status":"open","sticky":false,"template":"","format":"standard","meta":{"footnotes":""},"categories":[6],"tags":[],"class_list":["post-4962","post","type-post","status-publish","format-standard","has-post-thumbnail","hentry","category-rendezveny"],"aioseo_notices":[],"_links":{"self":[{"href":"https:\/\/annagrandhotel.hu\/sk\/wp-json\/wp\/v2\/posts\/4962","targetHints":{"allow":["GET"]}}],"collection":[{"href":"https:\/\/annagrandhotel.hu\/sk\/wp-json\/wp\/v2\/posts"}],"about":[{"href":"https:\/\/annagrandhotel.hu\/sk\/wp-json\/wp\/v2\/types\/post"}],"author":[{"embeddable":true,"href":"https:\/\/annagrandhotel.hu\/sk\/wp-json\/wp\/v2\/users\/1"}],"replies":[{"embeddable":true,"href":"https:\/\/annagrandhotel.hu\/sk\/wp-json\/wp\/v2\/comments?post=4962"}],"version-history":[{"count":17,"href":"https:\/\/annagrandhotel.hu\/sk\/wp-json\/wp\/v2\/posts\/4962\/revisions"}],"predecessor-version":[{"id":4996,"href":"https:\/\/annagrandhotel.hu\/sk\/wp-json\/wp\/v2\/posts\/4962\/revisions\/4996"}],"wp:featuredmedia":[{"embeddable":true,"href":"https:\/\/annagrandhotel.hu\/sk\/wp-json\/wp\/v2\/media\/4975"}],"wp:attachment":[{"href":"https:\/\/annagrandhotel.hu\/sk\/wp-json\/wp\/v2\/media?parent=4962"}],"wp:term":[{"taxonomy":"category","embeddable":true,"href":"https:\/\/annagrandhotel.hu\/sk\/wp-json\/wp\/v2\/categories?post=4962"},{"taxonomy":"post_tag","embeddable":true,"href":"https:\/\/annagrandhotel.hu\/sk\/wp-json\/wp\/v2\/tags?post=4962"}],"curies":[{"name":"wp","href":"https:\/\/api.w.org\/{rel}","templated":true}]}}