{"id":3034,"date":"2023-12-22T14:42:26","date_gmt":"2023-12-22T13:42:26","guid":{"rendered":"https:\/\/annagrandhotel.hu\/?p=3034"},"modified":"2023-12-22T19:18:33","modified_gmt":"2023-12-22T18:18:33","slug":"pocas-noci-sijeme-aj-cibulu","status":"publish","type":"post","link":"https:\/\/annagrandhotel.hu\/sk\/az-unnepek-alatt-is-varjuk-onoket\/","title":{"rendered":"Te\u0161\u00edme sa na v\u00e1s po\u010das pr\u00e1zdnin!"},"content":{"rendered":"<p><strong>Po\u010das pr\u00e1zdnin v\u00edtame host\u00ed v na\u0161ej re\u0161taur\u00e1cii a k\u00fape\u013eoch Anna so zmenen\u00fdmi otv\u00e1rac\u00edmi hodinami.<\/strong><\/p>\n<p>&nbsp;<\/p>\n<p><strong>ANNA SPA<\/strong><\/p>\n<p><em><strong><img loading=\"lazy\" decoding=\"async\" class=\"wp-image-2892 alignleft\" src=\"https:\/\/annagrandhotel.hu\/wp-content\/uploads\/2023\/11\/emblema-kicsi_Rajztabla-1.png\" alt=\"\" width=\"16\" height=\"16\" srcset=\"https:\/\/annagrandhotel.hu\/wp-content\/uploads\/2023\/11\/emblema-kicsi_Rajztabla-1.png 84w, https:\/\/annagrandhotel.hu\/wp-content\/uploads\/2023\/11\/emblema-kicsi_Rajztabla-1-12x12.png 12w\" sizes=\"auto, (max-width: 16px) 100vw, 16px\" \/>24. decembra.<\/strong><\/em><br \/>\n<em>8:00-18:00<\/em><\/p>\n<p><em><strong><img loading=\"lazy\" decoding=\"async\" class=\"wp-image-2892 alignleft\" src=\"https:\/\/annagrandhotel.hu\/wp-content\/uploads\/2023\/11\/emblema-kicsi_Rajztabla-1.png\" alt=\"\" width=\"16\" height=\"16\" srcset=\"https:\/\/annagrandhotel.hu\/wp-content\/uploads\/2023\/11\/emblema-kicsi_Rajztabla-1.png 84w, https:\/\/annagrandhotel.hu\/wp-content\/uploads\/2023\/11\/emblema-kicsi_Rajztabla-1-12x12.png 12w\" sizes=\"auto, (max-width: 16px) 100vw, 16px\" \/>Od 25. decembra do 1. janu\u00e1ra<br \/>\n<\/strong>8:00-22:00<\/em><\/p>\n<p>&nbsp;<\/p>\n<p><strong>EAT<\/strong><\/p>\n<p><em><strong><img loading=\"lazy\" decoding=\"async\" class=\"wp-image-2892 alignleft\" src=\"https:\/\/annagrandhotel.hu\/wp-content\/uploads\/2023\/11\/emblema-kicsi_Rajztabla-1.png\" alt=\"\" width=\"16\" height=\"16\" srcset=\"https:\/\/annagrandhotel.hu\/wp-content\/uploads\/2023\/11\/emblema-kicsi_Rajztabla-1.png 84w, https:\/\/annagrandhotel.hu\/wp-content\/uploads\/2023\/11\/emblema-kicsi_Rajztabla-1-12x12.png 12w\" sizes=\"auto, (max-width: 16px) 100vw, 16px\" \/>24. decembra.<br \/>\n<\/strong><\/em>Ra\u0148ajky: <em>7:00-10:00<\/em><br \/>\nObed pod\u013ea jed\u00e1lneho l\u00edstka: <em>12:00-15:00<\/em><br \/>\nSl\u00e1vnostn\u00e1 ve\u010dera, 4-chodov\u00fd servis: <em>17:30-20:00<\/em><\/p>\n<p><em><strong><img loading=\"lazy\" decoding=\"async\" class=\"wp-image-2892 alignleft\" src=\"https:\/\/annagrandhotel.hu\/wp-content\/uploads\/2023\/11\/emblema-kicsi_Rajztabla-1.png\" alt=\"\" width=\"16\" height=\"16\" srcset=\"https:\/\/annagrandhotel.hu\/wp-content\/uploads\/2023\/11\/emblema-kicsi_Rajztabla-1.png 84w, https:\/\/annagrandhotel.hu\/wp-content\/uploads\/2023\/11\/emblema-kicsi_Rajztabla-1-12x12.png 12w\" sizes=\"auto, (max-width: 16px) 100vw, 16px\" \/>25., 26. decembra.<\/strong><\/em><br \/>\nRa\u0148ajky: <em>7:00-10:00<\/em><br \/>\nObed pod\u013ea jed\u00e1lneho l\u00edstka: <em>12:00-15:00<\/em><br \/>\nSl\u00e1vnostn\u00e1 ve\u010dera: <em>18:00-21:00<\/em><\/p>\n<p><strong><em><img loading=\"lazy\" decoding=\"async\" class=\"wp-image-2892 alignleft\" src=\"https:\/\/annagrandhotel.hu\/wp-content\/uploads\/2023\/11\/emblema-kicsi_Rajztabla-1.png\" alt=\"\" width=\"16\" height=\"16\" srcset=\"https:\/\/annagrandhotel.hu\/wp-content\/uploads\/2023\/11\/emblema-kicsi_Rajztabla-1.png 84w, https:\/\/annagrandhotel.hu\/wp-content\/uploads\/2023\/11\/emblema-kicsi_Rajztabla-1-12x12.png 12w\" sizes=\"auto, (max-width: 16px) 100vw, 16px\" \/>Od 27. do 30. decembra<br \/>\n<\/em><\/strong>Ra\u0148ajky: <em>7:00-10:00<\/em><br \/>\nObed pod\u013ea jed\u00e1lneho l\u00edstka: <em>12:00-15:00<\/em><br \/>\nVe\u010dera: <em>18:00-21:00<\/em><\/p>\n<p><em><strong><img loading=\"lazy\" decoding=\"async\" class=\"wp-image-2892 alignleft\" src=\"https:\/\/annagrandhotel.hu\/wp-content\/uploads\/2023\/11\/emblema-kicsi_Rajztabla-1.png\" alt=\"\" width=\"16\" height=\"16\" srcset=\"https:\/\/annagrandhotel.hu\/wp-content\/uploads\/2023\/11\/emblema-kicsi_Rajztabla-1.png 84w, https:\/\/annagrandhotel.hu\/wp-content\/uploads\/2023\/11\/emblema-kicsi_Rajztabla-1-12x12.png 12w\" sizes=\"auto, (max-width: 16px) 100vw, 16px\" \/>31. decembra.<\/strong><\/em><br \/>\nRa\u0148ajky: <em>7:00-10:00<\/em><br \/>\nObed pod\u013ea jed\u00e1lneho l\u00edstka: <em>12:00-15:00<\/em><br \/>\nSl\u00e1vnostn\u00e1 ve\u010dera: <em>19:00-23:00<\/em><\/p>\n<p><em><strong><img loading=\"lazy\" decoding=\"async\" class=\"wp-image-2892 alignleft\" src=\"https:\/\/annagrandhotel.hu\/wp-content\/uploads\/2023\/11\/emblema-kicsi_Rajztabla-1.png\" alt=\"\" width=\"16\" height=\"16\" srcset=\"https:\/\/annagrandhotel.hu\/wp-content\/uploads\/2023\/11\/emblema-kicsi_Rajztabla-1.png 84w, https:\/\/annagrandhotel.hu\/wp-content\/uploads\/2023\/11\/emblema-kicsi_Rajztabla-1-12x12.png 12w\" sizes=\"auto, (max-width: 16px) 100vw, 16px\" \/>1. janu\u00e1ra.<br \/>\n<\/strong><\/em>Anna Brunch: <em>8:00-12:00<br \/>\n<\/em>Obed pod\u013ea jed\u00e1lneho l\u00edstka: <em>13:00-15:00<\/em><br \/>\nVe\u010dera: <em>18:00-21:00<\/em><\/p>\n<p>&nbsp;<\/p>\n<p><strong>Prajeme v\u00e1m po\u017eehnan\u00e9 a pokojn\u00e9 Vianoce!<\/strong><\/p>","protected":false},"excerpt":{"rendered":"<p>Az \u00fcnnepek alatt is szeretettel v\u00e1rjuk kedves vend\u00e9geinket az \u00e9tterm\u00fcnkben \u00e9s az Anna Sp\u00e1ban, megv\u00e1ltozott nyitvatart\u00e1si id\u0151ben. &nbsp; ANNA SPA December 24. 8:00-18:00 December 25. \u00e9s janu\u00e1r 1. k\u00f6z\u00f6tt 8:00-22:00 &nbsp; \u00c9TTEREM December 24. Reggeli: 7:00-10:00 A\u2019la carte eb\u00e9d: 12:00-15:00 \u00dcnnepi vacsora, 4 fog\u00e1sos t\u00e1ny\u00e9rszerv\u00edz: 17:30-20:00 December 25., 26. Reggeli: 7:00-10:00 A\u2019la carte eb\u00e9d: 12:00-15:00 [&hellip;]<\/p>\n","protected":false},"author":1,"featured_media":3036,"comment_status":"closed","ping_status":"open","sticky":false,"template":"","format":"standard","meta":{"footnotes":""},"categories":[1],"tags":[],"class_list":["post-3034","post","type-post","status-publish","format-standard","has-post-thumbnail","hentry","category-egyeb"],"aioseo_notices":[],"_links":{"self":[{"href":"https:\/\/annagrandhotel.hu\/sk\/wp-json\/wp\/v2\/posts\/3034","targetHints":{"allow":["GET"]}}],"collection":[{"href":"https:\/\/annagrandhotel.hu\/sk\/wp-json\/wp\/v2\/posts"}],"about":[{"href":"https:\/\/annagrandhotel.hu\/sk\/wp-json\/wp\/v2\/types\/post"}],"author":[{"embeddable":true,"href":"https:\/\/annagrandhotel.hu\/sk\/wp-json\/wp\/v2\/users\/1"}],"replies":[{"embeddable":true,"href":"https:\/\/annagrandhotel.hu\/sk\/wp-json\/wp\/v2\/comments?post=3034"}],"version-history":[{"count":8,"href":"https:\/\/annagrandhotel.hu\/sk\/wp-json\/wp\/v2\/posts\/3034\/revisions"}],"predecessor-version":[{"id":3045,"href":"https:\/\/annagrandhotel.hu\/sk\/wp-json\/wp\/v2\/posts\/3034\/revisions\/3045"}],"wp:featuredmedia":[{"embeddable":true,"href":"https:\/\/annagrandhotel.hu\/sk\/wp-json\/wp\/v2\/media\/3036"}],"wp:attachment":[{"href":"https:\/\/annagrandhotel.hu\/sk\/wp-json\/wp\/v2\/media?parent=3034"}],"wp:term":[{"taxonomy":"category","embeddable":true,"href":"https:\/\/annagrandhotel.hu\/sk\/wp-json\/wp\/v2\/categories?post=3034"},{"taxonomy":"post_tag","embeddable":true,"href":"https:\/\/annagrandhotel.hu\/sk\/wp-json\/wp\/v2\/tags?post=3034"}],"curies":[{"name":"wp","href":"https:\/\/api.w.org\/{rel}","templated":true}]}}