{"id":2937,"date":"2023-12-01T20:06:23","date_gmt":"2023-12-01T19:06:23","guid":{"rendered":"https:\/\/annagrandhotel.hu\/?p=2937"},"modified":"2023-12-20T08:28:42","modified_gmt":"2023-12-20T07:28:42","slug":"mozeme-pouzit-timi-gelencser-na-likvidaciu-tradiciok-koberce","status":"publish","type":"post","link":"https:\/\/annagrandhotel.hu\/sk\/gelencser-timivel-diszithetjuk-fel-a-tradiciok-karacsonyfajat\/","title":{"rendered":"Viano\u010dn\u00fd strom\u010dek trad\u00edci\u00ed m\u00f4\u017eeme ozdobi\u0165 s Timi Gelencs\u00e9r"},"content":{"rendered":"<p style=\"text-align: justify;\"><strong>Viano\u010dn\u00fd strom trad\u00edci\u00ed bude tento rok po prv\u00fdkr\u00e1t postaven\u00fd v Balatonf\u00fcrede pred hotelom Anna Grand. Viano\u010dn\u00fd strom\u010dek je poctou st\u00e1ro\u010dnej hist\u00f3rii hotela, ale aj trad\u00edciou, ktor\u00e1 by sa podobne ako Annin ples mohla sta\u0165 ikonick\u00fdm symbolom mesta. D\u0148a 10. decembra m\u00f4\u017ee strom\u010dek ozdobi\u0165 ktoko\u013evek spolu s organiz\u00e1tormi a Timi Gelencs\u00e9r.<\/strong><\/p>\n<p>&nbsp;<\/p>\n<p style=\"text-align: justify;\" class=\"translation-block\">V \u010darovnom svete <strong>ANNA GRAND<\/strong>, obnovenom v roku 2023, sa minulos\u0165 stret\u00e1va so s\u00fa\u010dasnos\u0165ou a ka\u017ed\u00fd okamih je chv\u00ed\u013eou nad\u010dasov\u00e9ho luxusu. Vo svojej viac ako dvestoro\u010dnej hist\u00f3rii hotel hostil mnoh\u00e9 liter\u00e1rne ikony, osobnosti verejn\u00e9ho \u017eivota a celebrity, vr\u00e1tane Mih\u00e1lya V\u00f6r\u00f6smartyho, Mari J\u00e1szaiho a Lajosa Kossutha. T\u00edm hotela sa teraz rozhodol o\u017eivi\u0165 trad\u00edciu budovania komunity podobn\u00fa Anninmu plesu: za \u00fa\u010dasti obyvate\u013eov Balatonf\u00fcreda a host\u00ed, ktor\u00ed mesto nav\u0161t\u00edvia, postavia Viano\u010dn\u00fd strom trad\u00edci\u00ed. S v\u00fdzdobou bude pom\u00e1ha\u0165 <strong>Timi Gelencs\u00e9r<\/strong>.<\/p>\n<p style=\"text-align: justify;\"><em>\u201ePred Vianocami sa cel\u00e1 na\u0161a rodina pon\u00e1h\u013ea, preto sme po\u010das rokov mali na starosti ka\u017ed\u00fa \u00falohu. Zdobenie viano\u010dn\u00e9ho strom\u010deka je moja \u00faloha, ale ak sa do toho pust\u00edme aj my ostatn\u00ed, som si ist\u00e1, \u017ee vrchn\u00fa v\u00fdzdobu d\u00e1m ja. Tak to bolo u\u017e od detstva.\u201d<\/em> - v\u00e1s obozn\u00e1mi s rodinn\u00fdmi zvyklos\u0165ami. <strong>Timi Gelencs\u00e9r<\/strong>.<\/p>\n<p style=\"text-align: justify;\">Pri zdoben\u00ed viano\u010dn\u00e9ho strom\u010deka Trad\u00edcie pom\u00e1ha aj Timi, ktor\u00e1 za\u010dala zdobi\u0165 svoj domov za\u010diatkom novembra. <em>\u201ePrv\u00e9 dekorat\u00edvne prvky som umiestnil hne\u010f, ako som mohol, a odvtedy som postupoval pomaly. Toto ro\u010dn\u00e9 obdobie m\u00e1m ve\u013emi rada a rada sa pozer\u00e1m na kr\u00e1sne vyzdoben\u00fd domov.\u201d<\/em><\/p>\n<p style=\"text-align: justify;\">A <strong>10. decembra<\/strong>-be\u017en\u00e1 dekor\u00e1cia v <strong>od 10.00 hod.<\/strong> s kakaom a varen\u00fdm v\u00ednom pre t\u00fdch, ktor\u00ed <strong>S Timi Gelencs\u00e9rom<\/strong> by chceli spolo\u010dne zdobi\u0165 <strong>Viano\u010dn\u00fd strom\u010dek trad\u00edci\u00ed<\/strong> z adresy <strong>ANNA GRAND<\/strong> pred n\u00e1mest\u00edm. A pre najmen\u0161\u00edch bude pripraven\u00e9 vzru\u0161uj\u00face prekvapenie.<\/p>","protected":false},"excerpt":{"rendered":"<p>Id\u00e9n el\u0151sz\u00f6r \u00e1ll\u00edtj\u00e1k fel A Trad\u00edci\u00f3k Kar\u00e1csonyf\u00e1j\u00e1t Balatonf\u00fcreden, az Anna Grand Hotel el\u0151tti t\u00e9ren. A kar\u00e1csonyf\u00e1val a sz\u00e1lloda t\u00f6bb\u00e9vsz\u00e1zados t\u00f6rt\u00e9nete el\u0151tt tisztelegnek, egy\u00fattal egy olyan hagyom\u00e1nyt is szeretn\u00e9nek teremteni, amely az Anna-b\u00e1lhoz hasonl\u00f3an a v\u00e1ros ikonikus jelk\u00e9p\u00e9v\u00e9 v\u00e1lhat. A f\u00e1t december 10-\u00e9n b\u00e1rki egy\u00fctt d\u00edsz\u00edtheti a szervez\u0151kkel \u00e9s Gelencs\u00e9r Timivel. &nbsp; A 2023-ban meg\u00fajult ANNA [&hellip;]<\/p>\n","protected":false},"author":1,"featured_media":2327,"comment_status":"closed","ping_status":"open","sticky":false,"template":"","format":"standard","meta":{"footnotes":""},"categories":[6],"tags":[],"class_list":["post-2937","post","type-post","status-publish","format-standard","has-post-thumbnail","hentry","category-rendezveny"],"aioseo_notices":[],"_links":{"self":[{"href":"https:\/\/annagrandhotel.hu\/sk\/wp-json\/wp\/v2\/posts\/2937","targetHints":{"allow":["GET"]}}],"collection":[{"href":"https:\/\/annagrandhotel.hu\/sk\/wp-json\/wp\/v2\/posts"}],"about":[{"href":"https:\/\/annagrandhotel.hu\/sk\/wp-json\/wp\/v2\/types\/post"}],"author":[{"embeddable":true,"href":"https:\/\/annagrandhotel.hu\/sk\/wp-json\/wp\/v2\/users\/1"}],"replies":[{"embeddable":true,"href":"https:\/\/annagrandhotel.hu\/sk\/wp-json\/wp\/v2\/comments?post=2937"}],"version-history":[{"count":4,"href":"https:\/\/annagrandhotel.hu\/sk\/wp-json\/wp\/v2\/posts\/2937\/revisions"}],"predecessor-version":[{"id":2945,"href":"https:\/\/annagrandhotel.hu\/sk\/wp-json\/wp\/v2\/posts\/2937\/revisions\/2945"}],"wp:featuredmedia":[{"embeddable":true,"href":"https:\/\/annagrandhotel.hu\/sk\/wp-json\/wp\/v2\/media\/2327"}],"wp:attachment":[{"href":"https:\/\/annagrandhotel.hu\/sk\/wp-json\/wp\/v2\/media?parent=2937"}],"wp:term":[{"taxonomy":"category","embeddable":true,"href":"https:\/\/annagrandhotel.hu\/sk\/wp-json\/wp\/v2\/categories?post=2937"},{"taxonomy":"post_tag","embeddable":true,"href":"https:\/\/annagrandhotel.hu\/sk\/wp-json\/wp\/v2\/tags?post=2937"}],"curies":[{"name":"wp","href":"https:\/\/api.w.org\/{rel}","templated":true}]}}