{"id":5372,"date":"2025-12-17T21:07:04","date_gmt":"2025-12-17T20:07:04","guid":{"rendered":"https:\/\/annagrandhotel.hu\/?p=5372"},"modified":"2025-12-19T18:59:55","modified_gmt":"2025-12-19T17:59:55","slug":"2025-was-the-year","status":"publish","type":"post","link":"https:\/\/annagrandhotel.hu\/eng\/2025-az-annak-eve-volt\/","title":{"rendered":"2025 was the year of the Annas!"},"content":{"rendered":"<div class=\"wpb-content-wrapper\"><div class=\"vc_row wpb_row vc_row-fluid vc_custom_1766001718198 vc_row-has-fill\"><div class=\"wpb_column vc_column_container vc_col-sm-12\"><div class=\"vc_column-inner\"><div class=\"wpb_wrapper\"><div class=\"heading_group_sc wpb_content_element subtitle_bottom    text-left\">\n\n\n    <h3>2025 was the year of the Annas!<\/h3>\n\n\n        <span class=\"subtitle\"><\/span>\n\n<\/div><div class=\"heading_group_sc wpb_content_element subtitle_bottom   vc_custom_1766001945562  text-left\">\n\n\n    <p style=\"text-align: justify;\"><strong>Throughout 2025, the Anna Grand Hotel team celebrated the 200th anniversary of the Anna Ball and the hotel's traditions dating back more than 200 years. The Year of the Annas powered by GLAMOUR chats series hosted one famous Anna each month.<\/strong><\/p>\n<p style=\"text-align: justify;\">The predecessor of the Anna Grand Hotel, the Grand Restaurant, was so popular in the 1840s that a shuttle service took guests to Balatonf\u00fcred three times a week, and in 1842 Lajos Kossuth also paid a visit to the restaurant. The place became smaller and smaller and more and more crowded, so by 1848 the Anna Caf\u00e9 was built, modelled on the Pilvax in Pest. But this year is also a red letter in the history of the city, because it was the first time that the Anna Ball was held in the ballroom of the Great Restaurant. The hotel has expanded and changed names over the decades, but one thing has become a century-old tradition: the hotel has become a permanent venue for the Anna Ball.<\/p>\n\n\n        <span class=\"subtitle\"><\/span>\n\n<\/div><\/div><\/div><\/div><\/div><div class=\"vc_row wpb_row vc_row-fluid vc_custom_1766001709549 vc_row-has-fill\"><div class=\"wpb_column vc_column_container vc_col-sm-8\"><div class=\"vc_column-inner\"><div class=\"wpb_wrapper\"><div class=\"heading_group_sc wpb_content_element subtitle_bottom   vc_custom_1766001901921  text-left\">\n\n\n    <p style=\"text-align: justify;\">In July, the 200th Anna's Ball saw the arrival of its first guests, so this year we celebrated the iconic bicentenary event with guests on a special weekend each month, or even as outsiders at the Year of the Anna's powered by GLAMOUR discussion evenings. In January, the series started with anti-aging specialist and beautician Anna Harangv\u00f6lgyi, in February we hosted actress Anna Trok\u00e1n, and in March the special evenings continued with Katona J\u00f3zsef Theatre actress Anna P\u00e1lmai.<\/p>\n\n\n        <span class=\"subtitle\"><\/span>\n\n<\/div><\/div><\/div><\/div><div class=\"wpb_column vc_column_container vc_col-sm-4\"><div class=\"vc_column-inner\"><div class=\"wpb_wrapper\">\n\t<div  class=\"wpb_single_image wpb_content_element vc_align_left  vc_custom_1766001916784\">\n\t\t\n\t\t<figure class=\"wpb_wrapper vc_figure\">\n\t\t\t<div class=\"vc_single_image-wrapper   vc_box_border_grey\"><img loading=\"lazy\" decoding=\"async\" width=\"1080\" height=\"1350\" src=\"https:\/\/annagrandhotel.hu\/wp-content\/uploads\/2025\/12\/Anna-bal_3.webp\" class=\"vc_single_image-img attachment-full\" alt=\"\" title=\"Anna ball_3\" srcset=\"https:\/\/annagrandhotel.hu\/wp-content\/uploads\/2025\/12\/Anna-bal_3.webp 1080w, https:\/\/annagrandhotel.hu\/wp-content\/uploads\/2025\/12\/Anna-bal_3-240x300.webp 240w, https:\/\/annagrandhotel.hu\/wp-content\/uploads\/2025\/12\/Anna-bal_3-819x1024.webp 819w, https:\/\/annagrandhotel.hu\/wp-content\/uploads\/2025\/12\/Anna-bal_3-768x960.webp 768w, https:\/\/annagrandhotel.hu\/wp-content\/uploads\/2025\/12\/Anna-bal_3-10x12.webp 10w\" sizes=\"auto, (max-width: 1080px) 100vw, 1080px\" \/><\/div>\n\t\t<\/figure>\n\t<\/div>\n<\/div><\/div><\/div><\/div><div class=\"vc_row wpb_row vc_row-fluid vc_custom_1766001736940 vc_row-has-fill\"><div class=\"wpb_column vc_column_container vc_col-sm-12\"><div class=\"vc_column-inner\"><div class=\"wpb_wrapper\"><div class=\"heading_group_sc wpb_content_element subtitle_bottom   vc_custom_1766001837415  text-left\">\n\n\n    <p style=\"text-align: justify;\">In April, we also talked to Anna Kar\u00e1dy about her novel The Girl from Fyre, in which the predecessor of the Anna Grand Hotel also plays an important role. In May, fashion designer Anna Daubner accepted our invitation, and in June, we asked dance artist Anna Mikes about her passion, with Timi Gelencs\u00e9r also taking part in the conversation.<\/p>\n\n\n        <span class=\"subtitle\"><\/span>\n\n<\/div><div class=\"heading_group_sc wpb_content_element subtitle_bottom   vc_custom_1766001824782  text-left\">\n\n\n    <p style=\"text-align: justify;\">The Year of Anna in August proved to be a truly extraordinary event, with the actresses who play Anna in the new Mad\u00e1ch Theatre production of The Ice Magic telling us about the special task, Anita Gad\u00f3, Hien and Aisha Kardffy were our guests. In September, we focused on the beauty of reading with Anna Ott, and in October we asked Anna Ol\u00e1h, the creator of the Anna Am\u00e9lie brand, and Bogl\u00e1rka Csel\u0151tei Babus, a jewellery designer, about their passion.<\/p>\n\n\n        <span class=\"subtitle\"><\/span>\n\n<\/div>\n\t<div  class=\"wpb_single_image wpb_content_element vc_align_left  vc_custom_1766001864648\">\n\t\t\n\t\t<figure class=\"wpb_wrapper vc_figure\">\n\t\t\t<div class=\"vc_single_image-wrapper   vc_box_border_grey\"><img loading=\"lazy\" decoding=\"async\" width=\"1486\" height=\"955\" src=\"https:\/\/annagrandhotel.hu\/wp-content\/uploads\/2025\/12\/DSC_9214.jpg\" class=\"vc_single_image-img attachment-full\" alt=\"\" title=\"DSC_9214\" srcset=\"https:\/\/annagrandhotel.hu\/wp-content\/uploads\/2025\/12\/DSC_9214.jpg 1486w, https:\/\/annagrandhotel.hu\/wp-content\/uploads\/2025\/12\/DSC_9214-300x193.jpg 300w, https:\/\/annagrandhotel.hu\/wp-content\/uploads\/2025\/12\/DSC_9214-1024x658.jpg 1024w, https:\/\/annagrandhotel.hu\/wp-content\/uploads\/2025\/12\/DSC_9214-768x494.jpg 768w, https:\/\/annagrandhotel.hu\/wp-content\/uploads\/2025\/12\/DSC_9214-18x12.jpg 18w\" sizes=\"auto, (max-width: 1486px) 100vw, 1486px\" \/><\/div>\n\t\t<\/figure>\n\t<\/div>\n<div class=\"heading_group_sc wpb_content_element subtitle_bottom   vc_custom_1766001781007  text-left\">\n\n\n    <p style=\"text-align: justify;\">In November, actress Anna M\u00e9sz\u00f6ly shared behind-the-scenes secrets about the international success of the film Fekete Punkt, and in December we closed the series with Krisztina Mar\u00f3y, editor-in-chief of GLAMOUR magazine.<\/p>\n<p style=\"text-align: justify;\">In 2026, we will continue with more meaningful conversations, and we want to create a new tradition in the centuries-old tradition of the Anna Grand Hotel with these monthly meetings. Join us for these inspiring, thought-provoking and soul-stirring events!<\/p>\n\n\n        <span class=\"subtitle\"><\/span>\n\n<\/div><\/div><\/div><\/div><\/div>\n<\/div>","protected":false},"excerpt":{"rendered":"2025 az Ann\u00e1k \u00e9ve volt! Az Anna Grand Hotel csapata eg\u00e9sz 2025-ben a 200 \u00e9ves Anna-b\u00e1lt \u00e9s a hotel t\u00f6bb mint 200 \u00e9vre visszany\u00fal\u00f3 trad\u00edci\u00f3it \u00fcnnepelte. Az Ann\u00e1k \u00e9ve powered by GLAMOUR besz\u00e9lget\u0151s est sorozaton minden h\u00f3napban egy h\u00edres Ann\u00e1t l\u00e1ttunk vend\u00e9g\u00fcl. Az Anna Grand Hotel el\u0151dje, a Nagyvend\u00e9gl\u0151 m\u00e1r az 1840-es \u00e9vekben olyan nagy [...]","protected":false},"author":1,"featured_media":5373,"comment_status":"closed","ping_status":"open","sticky":false,"template":"","format":"standard","meta":{"footnotes":""},"categories":[6],"tags":[],"class_list":["post-5372","post","type-post","status-publish","format-standard","has-post-thumbnail","hentry","category-rendezveny"],"aioseo_notices":[],"_links":{"self":[{"href":"https:\/\/annagrandhotel.hu\/eng\/wp-json\/wp\/v2\/posts\/5372","targetHints":{"allow":["GET"]}}],"collection":[{"href":"https:\/\/annagrandhotel.hu\/eng\/wp-json\/wp\/v2\/posts"}],"about":[{"href":"https:\/\/annagrandhotel.hu\/eng\/wp-json\/wp\/v2\/types\/post"}],"author":[{"embeddable":true,"href":"https:\/\/annagrandhotel.hu\/eng\/wp-json\/wp\/v2\/users\/1"}],"replies":[{"embeddable":true,"href":"https:\/\/annagrandhotel.hu\/eng\/wp-json\/wp\/v2\/comments?post=5372"}],"version-history":[{"count":9,"href":"https:\/\/annagrandhotel.hu\/eng\/wp-json\/wp\/v2\/posts\/5372\/revisions"}],"predecessor-version":[{"id":5383,"href":"https:\/\/annagrandhotel.hu\/eng\/wp-json\/wp\/v2\/posts\/5372\/revisions\/5383"}],"wp:featuredmedia":[{"embeddable":true,"href":"https:\/\/annagrandhotel.hu\/eng\/wp-json\/wp\/v2\/media\/5373"}],"wp:attachment":[{"href":"https:\/\/annagrandhotel.hu\/eng\/wp-json\/wp\/v2\/media?parent=5372"}],"wp:term":[{"taxonomy":"category","embeddable":true,"href":"https:\/\/annagrandhotel.hu\/eng\/wp-json\/wp\/v2\/categories?post=5372"},{"taxonomy":"post_tag","embeddable":true,"href":"https:\/\/annagrandhotel.hu\/eng\/wp-json\/wp\/v2\/tags?post=5372"}],"curies":[{"name":"wp","href":"https:\/\/api.w.org\/{rel}","templated":true}]}}