{"id":5124,"date":"2025-08-05T11:28:15","date_gmt":"2025-08-05T09:28:15","guid":{"rendered":"https:\/\/annagrandhotel.hu\/?p=5124"},"modified":"2025-08-05T11:39:39","modified_gmt":"2025-08-05T09:39:39","slug":"talking-to-the-stars-of-the-ice-cream-parlour","status":"publish","type":"post","link":"https:\/\/annagrandhotel.hu\/eng\/annak-eve-beszelgetes-a-jegvarazs-sztarjaival\/","title":{"rendered":"Year of the Annas | A chat with the stars of Ice Magic"},"content":{"rendered":"<div class=\"wpb-content-wrapper\"><div class=\"vc_row wpb_row vc_row-fluid vc_custom_1754386515525 vc_row-has-fill\"><div class=\"wpb_column vc_column_container vc_col-sm-12\"><div class=\"vc_column-inner\"><div class=\"wpb_wrapper\"><div class=\"heading_group_sc wpb_content_element subtitle_bottom    text-left\">\n\n\n    <h3>Year of the Annas | A chat with the stars of Ice Magic<\/h3>\n\n\n        <span class=\"subtitle\">08.09. 18:00 | Anna Caf\u00e9<\/span>\n\n<\/div><div class=\"heading_group_sc wpb_content_element subtitle_bottom    text-left\">\n\n\n    <p><strong>Year of the Annas powered by GLAMOUR - Exclusive interview with the actresses who play Anna in the musical \"The Ice Magic<\/strong><\/p>\n<h5>Date: 9 August 2025 (Saturday), 18:00<br class=\"html-br\" \/>Venue: Anna Caf\u00e9 | Balatonf\u00fcred<\/h5>\n<p data-start=\"584\" data-end=\"736\">On 9 August, we invite you to a very special evening in Balatonf\u00fcred, the next stop of the Year of the Annas powered by GLAMOUR event series.<\/p>\n<p style=\"text-align: justify;\">This time, three talented actresses - <strong data-start=\"781\" data-end=\"795\">Gad\u00f3 Anita<\/strong>, <strong data-start=\"797\" data-end=\"805\">Hien<\/strong> and <strong data-start=\"809\" data-end=\"826\">Kardffy Aisha<\/strong> - tell us about the challenges and experiences of playing Anna on the stage of the musical The Ice Magic. The conversation will also include behind-the-scenes secrets, inspiring stories and personal experiences - an evening made unforgettable by theatre, music and magic.<\/p>\n<p data-start=\"1118\" data-end=\"1202\"><strong data-start=\"1118\" data-end=\"1202\">Participation is free, but space is limited, so it's a good idea to arrive early!<\/strong><\/p>\n<div><\/div>\n<div class=\"x14z9mp xat24cr x1lziwak x1vvkbs xtlvy1s\"><\/div>\n<div><\/div>\n<div class=\"x14z9mp xat24cr x1lziwak x1vvkbs xtlvy1s\">Participation is free, but space is limited, so it's a good idea to arrive early!<\/div>\n\n\n        <span class=\"subtitle\"><\/span>\n\n<\/div><div class=\"heading_group_sc wpb_content_element subtitle_bottom    text-left\">\n\n\n    <h3>Exclusive weekend for our hotel guests | 9-10 August.<\/h3>\n\n\n        <span class=\"subtitle\"><\/span>\n\n<\/div><\/div><\/div><\/div><\/div><div class=\"vc_row wpb_row vc_row-fluid vc_custom_1754386505045 vc_row-has-fill\"><div class=\"wpb_column vc_column_container vc_col-sm-8\"><div class=\"vc_column-inner\"><div class=\"wpb_wrapper\"><div class=\"heading_group_sc wpb_content_element subtitle_bottom    text-left\">\n\n\n    <p>In addition to this special event, our hotel guests can enjoy a whole weekend of style, beauty, and inspiration as part of the Year of Anna. The program is exclusively for hotel guests and is free of charge:<\/p>\n<p><strong><img loading=\"lazy\" decoding=\"async\" class=\"wp-image-2892 alignleft\" src=\"https:\/\/annagrandhotel.hu\/wp-content\/uploads\/2023\/11\/emblema-kicsi_Rajztabla-1.png\" alt=\"\" width=\"16\" height=\"16\" srcset=\"https:\/\/annagrandhotel.hu\/wp-content\/uploads\/2023\/11\/emblema-kicsi_Rajztabla-1.png 84w, https:\/\/annagrandhotel.hu\/wp-content\/uploads\/2023\/11\/emblema-kicsi_Rajztabla-1-12x12.png 12w\" sizes=\"auto, (max-width: 16px) 100vw, 16px\" \/>Style consultation with Zsolt Ordasi <\/strong>\u2013 Discover your own style with professional help<\/p>\n<p><strong><img loading=\"lazy\" decoding=\"async\" class=\"wp-image-2892 alignleft\" src=\"https:\/\/annagrandhotel.hu\/wp-content\/uploads\/2023\/11\/emblema-kicsi_Rajztabla-1.png\" alt=\"\" width=\"16\" height=\"16\" srcset=\"https:\/\/annagrandhotel.hu\/wp-content\/uploads\/2023\/11\/emblema-kicsi_Rajztabla-1.png 84w, https:\/\/annagrandhotel.hu\/wp-content\/uploads\/2023\/11\/emblema-kicsi_Rajztabla-1-12x12.png 12w\" sizes=\"auto, (max-width: 16px) 100vw, 16px\" \/>Beauty and health programs \u2013<\/strong> With the experts at Anna Harangv\u00f6lgyi Beauty and Longevity<strong><br \/>\n<\/strong><\/p>\n<p><strong><img loading=\"lazy\" decoding=\"async\" class=\"wp-image-2892 alignleft\" src=\"https:\/\/annagrandhotel.hu\/wp-content\/uploads\/2023\/11\/emblema-kicsi_Rajztabla-1.png\" alt=\"\" width=\"16\" height=\"16\" srcset=\"https:\/\/annagrandhotel.hu\/wp-content\/uploads\/2023\/11\/emblema-kicsi_Rajztabla-1.png 84w, https:\/\/annagrandhotel.hu\/wp-content\/uploads\/2023\/11\/emblema-kicsi_Rajztabla-1-12x12.png 12w\" sizes=\"auto, (max-width: 16px) 100vw, 16px\" \/>La Dolce Vibes Fashion Show - <\/strong>Where elegance meets summer lightness<strong><br \/>\n<\/strong><\/p>\n<p><strong><img loading=\"lazy\" decoding=\"async\" class=\"wp-image-2892 alignleft\" src=\"https:\/\/annagrandhotel.hu\/wp-content\/uploads\/2023\/11\/emblema-kicsi_Rajztabla-1.png\" alt=\"\" width=\"16\" height=\"16\" srcset=\"https:\/\/annagrandhotel.hu\/wp-content\/uploads\/2023\/11\/emblema-kicsi_Rajztabla-1.png 84w, https:\/\/annagrandhotel.hu\/wp-content\/uploads\/2023\/11\/emblema-kicsi_Rajztabla-1-12x12.png 12w\" sizes=\"auto, (max-width: 16px) 100vw, 16px\" \/>DJ night \u2013<\/strong> A cozy music selection to end the day<strong><br \/>\n<\/strong><\/p>\n\n\n        <span class=\"subtitle\"><\/span>\n\n<\/div><\/div><\/div><\/div><div class=\"wpb_column vc_column_container vc_col-sm-4\"><div class=\"vc_column-inner\"><div class=\"wpb_wrapper\">\n\t<div  class=\"wpb_single_image wpb_content_element vc_align_left\">\n\t\t\n\t\t<figure class=\"wpb_wrapper vc_figure\">\n\t\t\t<div class=\"vc_single_image-wrapper   vc_box_border_grey\"><img loading=\"lazy\" decoding=\"async\" width=\"1707\" height=\"2560\" src=\"https:\/\/annagrandhotel.hu\/wp-content\/uploads\/2025\/05\/Divattanacsadas-scaled.webp\" class=\"vc_single_image-img attachment-full\" alt=\"\" title=\"Fashion advice\" srcset=\"https:\/\/annagrandhotel.hu\/wp-content\/uploads\/2025\/05\/Divattanacsadas-scaled.webp 1707w, https:\/\/annagrandhotel.hu\/wp-content\/uploads\/2025\/05\/Divattanacsadas-200x300.webp 200w, https:\/\/annagrandhotel.hu\/wp-content\/uploads\/2025\/05\/Divattanacsadas-683x1024.webp 683w, https:\/\/annagrandhotel.hu\/wp-content\/uploads\/2025\/05\/Divattanacsadas-768x1152.webp 768w, https:\/\/annagrandhotel.hu\/wp-content\/uploads\/2025\/05\/Divattanacsadas-1024x1536.webp 1024w, https:\/\/annagrandhotel.hu\/wp-content\/uploads\/2025\/05\/Divattanacsadas-1365x2048.webp 1365w, https:\/\/annagrandhotel.hu\/wp-content\/uploads\/2025\/05\/Divattanacsadas-8x12.webp 8w\" sizes=\"auto, (max-width: 1707px) 100vw, 1707px\" \/><\/div>\n\t\t<\/figure>\n\t<\/div>\n<\/div><\/div><\/div><\/div>\n<\/div>","protected":false},"excerpt":{"rendered":"Ann\u00e1k \u00e9ve | Besz\u00e9lget\u00e9s a J\u00e9gvar\u00e1zs szt\u00e1rjaival 08.09. 18:00 | Anna Caf\u00e9 Ann\u00e1k \u00e9ve powered by GLAMOUR \u2013 Exkluz\u00edv besz\u00e9lget\u00e9s a J\u00e9gvar\u00e1zs c\u00edm\u0171 musical Ann\u00e1j\u00e1t j\u00e1tsz\u00f3 sz\u00edn\u00e9szn\u0151kkel Id\u0151pont: 2025. augusztus 9. (szombat), 18:00Helysz\u00edn: Anna Caf\u00e9 | Balatonf\u00fcred Augusztus 9-\u00e9n egy igaz\u00e1n k\u00fcl\u00f6nleges est\u00e9re invit\u00e1lunk mindenkit Balatonf\u00fcredre, az Ann\u00e1k \u00e9ve powered by GLAMOUR rendezv\u00e9nysorozat k\u00f6vetkez\u0151 \u00e1llom\u00e1s\u00e1ra. [...]","protected":false},"author":1,"featured_media":5125,"comment_status":"closed","ping_status":"open","sticky":false,"template":"","format":"standard","meta":{"footnotes":""},"categories":[6],"tags":[],"class_list":["post-5124","post","type-post","status-publish","format-standard","has-post-thumbnail","hentry","category-rendezveny"],"aioseo_notices":[],"_links":{"self":[{"href":"https:\/\/annagrandhotel.hu\/eng\/wp-json\/wp\/v2\/posts\/5124","targetHints":{"allow":["GET"]}}],"collection":[{"href":"https:\/\/annagrandhotel.hu\/eng\/wp-json\/wp\/v2\/posts"}],"about":[{"href":"https:\/\/annagrandhotel.hu\/eng\/wp-json\/wp\/v2\/types\/post"}],"author":[{"embeddable":true,"href":"https:\/\/annagrandhotel.hu\/eng\/wp-json\/wp\/v2\/users\/1"}],"replies":[{"embeddable":true,"href":"https:\/\/annagrandhotel.hu\/eng\/wp-json\/wp\/v2\/comments?post=5124"}],"version-history":[{"count":7,"href":"https:\/\/annagrandhotel.hu\/eng\/wp-json\/wp\/v2\/posts\/5124\/revisions"}],"predecessor-version":[{"id":5133,"href":"https:\/\/annagrandhotel.hu\/eng\/wp-json\/wp\/v2\/posts\/5124\/revisions\/5133"}],"wp:featuredmedia":[{"embeddable":true,"href":"https:\/\/annagrandhotel.hu\/eng\/wp-json\/wp\/v2\/media\/5125"}],"wp:attachment":[{"href":"https:\/\/annagrandhotel.hu\/eng\/wp-json\/wp\/v2\/media?parent=5124"}],"wp:term":[{"taxonomy":"category","embeddable":true,"href":"https:\/\/annagrandhotel.hu\/eng\/wp-json\/wp\/v2\/categories?post=5124"},{"taxonomy":"post_tag","embeddable":true,"href":"https:\/\/annagrandhotel.hu\/eng\/wp-json\/wp\/v2\/tags?post=5124"}],"curies":[{"name":"wp","href":"https:\/\/api.w.org\/{rel}","templated":true}]}}