{"id":5073,"date":"2025-07-30T10:01:28","date_gmt":"2025-07-30T08:01:28","guid":{"rendered":"https:\/\/annagrandhotel.hu\/?p=5073"},"modified":"2025-07-30T18:35:18","modified_gmt":"2025-07-30T16:35:18","slug":"this-was-the-200th-anna-bal","status":"publish","type":"post","link":"https:\/\/annagrandhotel.hu\/eng\/ilyen-volt-a-200-anna-bal\/","title":{"rendered":"Lights, traditions, celebration - that was the 200th Anna Ball"},"content":{"rendered":"<div class=\"wpb-content-wrapper\"><div class=\"vc_row wpb_row vc_row-fluid vc_custom_1753861676548 vc_row-has-fill\"><div class=\"wpb_column vc_column_container vc_col-sm-12\"><div class=\"vc_column-inner\"><div class=\"wpb_wrapper\"><div class=\"heading_group_sc wpb_content_element subtitle_bottom    text-left\">\n\n\n    <h2>Lights, traditions, celebration - that was the 200th Anna Ball<\/h2>\n\n\n        <span class=\"subtitle\"><\/span>\n\n<\/div><div class=\"heading_group_sc wpb_content_element subtitle_bottom    text-left\">\n\n\n    <p style=\"text-align: justify;\"><strong>On 27 July, we witnessed a historic moment in Balatonf\u00fcred: the Anna Ball, one of Hungary's oldest and most patriotic social events, was held for the 200th time. The event was again hosted in Anna Grand Hotel, where nearly eight hundred guests celebrated the traditions and the renewal of the ball culture - a fitting tribute to the ball's two hundred years of history.<\/strong><\/p>\n\n\n        <span class=\"subtitle\"><\/span>\n\n<\/div><\/div><\/div><\/div><\/div><div class=\"vc_row wpb_row vc_row-fluid vc_custom_1753798728453 vc_row-has-fill\"><div class=\"wpb_column vc_column_container vc_col-sm-6\"><div class=\"vc_column-inner\"><div class=\"wpb_wrapper\"><div class=\"heading_group_sc wpb_content_element subtitle_bottom   vc_custom_1753798793351  text-left\">\n\n\n    <h3>An night that is more than a ball<\/h3>\n\n\n        <span class=\"subtitle\"><\/span>\n\n<\/div><div class=\"heading_group_sc wpb_content_element subtitle_bottom   vc_custom_1753800220107  text-left\">\n\n\n    <p style=\"text-align: justify;\">This year, the 200th Anna Ball was once again attended by well-known public figures, some as guests and others as performers, to add to the evening's glamour. The hotel's terrace, the exclusively opened Anna Caf\u00e9, was also a lively place to be: the historic venue served as a new and elegant meeting point for the guests.<\/p>\n\n\n        <span class=\"subtitle\"><\/span>\n\n<\/div><\/div><\/div><\/div><div class=\"wpb_column vc_column_container vc_col-sm-6\"><div class=\"vc_column-inner\"><div class=\"wpb_wrapper\">\n\t<div  class=\"wpb_single_image wpb_content_element vc_align_left\">\n\t\t\n\t\t<figure class=\"wpb_wrapper vc_figure\">\n\t\t\t<div class=\"vc_single_image-wrapper   vc_box_border_grey\"><img loading=\"lazy\" decoding=\"async\" width=\"800\" height=\"608\" src=\"https:\/\/annagrandhotel.hu\/wp-content\/uploads\/2025\/07\/Anna-Bal.webp\" class=\"vc_single_image-img attachment-full\" alt=\"\" title=\"Anna Ball\" srcset=\"https:\/\/annagrandhotel.hu\/wp-content\/uploads\/2025\/07\/Anna-Bal.webp 800w, https:\/\/annagrandhotel.hu\/wp-content\/uploads\/2025\/07\/Anna-Bal-300x228.webp 300w, https:\/\/annagrandhotel.hu\/wp-content\/uploads\/2025\/07\/Anna-Bal-768x584.webp 768w, https:\/\/annagrandhotel.hu\/wp-content\/uploads\/2025\/07\/Anna-Bal-16x12.webp 16w\" sizes=\"auto, (max-width: 800px) 100vw, 800px\" \/><\/div><figcaption class=\"vc_figure-caption\">Photo: redphoto.hu<\/figcaption>\n\t\t<\/figure>\n\t<\/div>\n<\/div><\/div><\/div><\/div><div class=\"vc_row wpb_row vc_row-fluid vc_custom_1753861159404 vc_row-has-fill\"><div class=\"wpb_column vc_column_container vc_col-sm-12 vc_col-has-fill\"><div class=\"vc_column-inner vc_custom_1753799317567\"><div class=\"wpb_wrapper\"><div class=\"heading_group_sc wpb_content_element subtitle_bottom   vc_custom_1753861048534  text-left\">\n\n\n    <h3>Tradition and modern elegance<\/h3>\n\n\n        <span class=\"subtitle\"><\/span>\n\n<\/div><\/div><\/div><\/div><\/div><div class=\"vc_row wpb_row vc_row-fluid vc_custom_1753798728453 vc_row-has-fill\"><div class=\"wpb_column vc_column_container vc_col-sm-6 vc_col-has-fill\"><div class=\"vc_column-inner vc_custom_1753861101622\"><div class=\"wpb_wrapper\">\n\t<div  class=\"wpb_single_image wpb_content_element vc_align_left  vc_custom_1753861926508\">\n\t\t\n\t\t<figure class=\"wpb_wrapper vc_figure\">\n\t\t\t<div class=\"vc_single_image-wrapper   vc_box_border_grey\"><img loading=\"lazy\" decoding=\"async\" width=\"800\" height=\"696\" src=\"https:\/\/annagrandhotel.hu\/wp-content\/uploads\/2025\/07\/Elegancia_1.webp\" class=\"vc_single_image-img attachment-full\" alt=\"\" title=\"Elegance_1\" srcset=\"https:\/\/annagrandhotel.hu\/wp-content\/uploads\/2025\/07\/Elegancia_1.webp 800w, https:\/\/annagrandhotel.hu\/wp-content\/uploads\/2025\/07\/Elegancia_1-300x261.webp 300w, https:\/\/annagrandhotel.hu\/wp-content\/uploads\/2025\/07\/Elegancia_1-768x668.webp 768w, https:\/\/annagrandhotel.hu\/wp-content\/uploads\/2025\/07\/Elegancia_1-14x12.webp 14w\" sizes=\"auto, (max-width: 800px) 100vw, 800px\" \/><\/div><figcaption class=\"vc_figure-caption\">Photo: redphoto.hu<\/figcaption>\n\t\t<\/figure>\n\t<\/div>\n<\/div><\/div><\/div><div class=\"wpb_column vc_column_container vc_col-sm-6 vc_col-has-fill\"><div class=\"vc_column-inner vc_custom_1753861091526\"><div class=\"wpb_wrapper\"><div class=\"heading_group_sc wpb_content_element subtitle_bottom   vc_custom_1753887998304  text-left\">\n\n\n    <p style=\"text-align: justify;\">The Jubilee Anna Ball was a fitting reflection of the special world that combines the ball culture of the reform era with the festive elegance of today. This year, the ladies wore Herendi pearl-blue Herend porcelain hearts with a pearly sheen, their colours evoking the world of shells from Lake Balaton. The Mendelssohn Chamber Orchestra opened the evening with a palotage and waltz, danced by the ballet dancers of the Opera House. The evening was enriched by an operetta show, a concert of gypsy music and a performance by the Farkas G\u00e1briel Showband.<\/p>\n\n\n        <span class=\"subtitle\"><\/span>\n\n<\/div><\/div><\/div><\/div><\/div><div class=\"vc_row wpb_row vc_row-fluid vc_custom_1753798719565 vc_row-has-fill\"><div class=\"wpb_column vc_column_container vc_col-sm-12 vc_col-has-fill\"><div class=\"vc_column-inner vc_custom_1753861078556\"><div class=\"wpb_wrapper\"><div class=\"heading_group_sc wpb_content_element subtitle_bottom   vc_custom_1753888048207  text-left\">\n\n\n    <p style=\"text-align: justify;\">The main patron of the ball was Dr. Tam\u00e1s Freund, President of the Hungarian Academy of Sciences, who announced the launch of the science-friendly settlement movement - Balatonf\u00fcred is the first holder of the title. The Ern\u0151 Kiss Prize, which every year recognises a person who has contributed a lot to the cultural life of the town, was awarded this year to Mih\u00e1ly Praznovszky, a literary historian.<\/p>\n\n\n        <span class=\"subtitle\"><\/span>\n\n<\/div><\/div><\/div><\/div><\/div><div class=\"vc_row wpb_row vc_row-fluid vc_custom_1753798728453 vc_row-has-fill\"><div class=\"wpb_column vc_column_container vc_col-sm-12\"><div class=\"vc_column-inner\"><div class=\"wpb_wrapper\"><div class=\"heading_group_sc wpb_content_element subtitle_bottom   vc_custom_1753799856246  text-left\">\n\n\n    <h3>The Belle of the Anna Ball<\/h3>\n\n\n        <span class=\"subtitle\"><\/span>\n\n<\/div>\n\t<div  class=\"wpb_single_image wpb_content_element vc_align_left\">\n\t\t\n\t\t<figure class=\"wpb_wrapper vc_figure\">\n\t\t\t<div class=\"vc_single_image-wrapper   vc_box_border_grey\"><img loading=\"lazy\" decoding=\"async\" width=\"1618\" height=\"1080\" src=\"https:\/\/annagrandhotel.hu\/wp-content\/uploads\/2025\/07\/anna-bl-2025-454.webp\" class=\"vc_single_image-img attachment-full\" alt=\"\" title=\"anna-bl-2025-454\" srcset=\"https:\/\/annagrandhotel.hu\/wp-content\/uploads\/2025\/07\/anna-bl-2025-454.webp 1618w, https:\/\/annagrandhotel.hu\/wp-content\/uploads\/2025\/07\/anna-bl-2025-454-300x200.webp 300w, https:\/\/annagrandhotel.hu\/wp-content\/uploads\/2025\/07\/anna-bl-2025-454-1024x684.webp 1024w, https:\/\/annagrandhotel.hu\/wp-content\/uploads\/2025\/07\/anna-bl-2025-454-768x513.webp 768w, https:\/\/annagrandhotel.hu\/wp-content\/uploads\/2025\/07\/anna-bl-2025-454-1536x1025.webp 1536w, https:\/\/annagrandhotel.hu\/wp-content\/uploads\/2025\/07\/anna-bl-2025-454-18x12.webp 18w\" sizes=\"auto, (max-width: 1618px) 100vw, 1618px\" \/><\/div><figcaption class=\"vc_figure-caption\">Photo: redphoto.hu<\/figcaption>\n\t\t<\/figure>\n\t<\/div>\n<div class=\"heading_group_sc wpb_content_element subtitle_bottom   vc_custom_1753800057386  text-left\">\n\n\n    <p style=\"text-align: justify;\">The highlight of the Ball was the announcement of the 15 most beautiful ladies of the Ball and their ladies-in-waiting, as voted by the audience. Laura Szab\u00f3 from Budapest was crowned Queen of the 2025 Ball, Laura Windisch was named First Lady and Laura Zsoldos was named Second Lady - all three first ballerinas who impressed the judges with their natural elegance. The belle of the ball received a gold apple and a modernised Victoria patterned Herend vase, while her ladies-in-waiting received Rothschild and Apponyi patterned Herend porcelain.<\/p>\n<p style=\"text-align: justify;\">For the first time at this year's ball, the newly elected beauties walked down from the Anna Grand Hotel to the Tagore Promenade, where they symbolically worshipped Lake Balaton with their bouquets, paying homage to the lake and the city.<\/p>\n<p style=\"text-align: justify;\">On the next day, the beauties took a traditional carriage ride on the Tagore Promenade, met the audience on the Kisfaludy Stage, and then a special gypsy flash mob of two hundred people made the morning memorable.<\/p>\n\n\n        <span class=\"subtitle\"><\/span>\n\n<\/div><\/div><\/div><\/div><\/div><div class=\"vc_row wpb_row vc_row-fluid vc_custom_1753800954623 vc_row-has-fill\"><div class=\"wpb_column vc_column_container vc_col-sm-12\"><div class=\"vc_column-inner\"><div class=\"wpb_wrapper\"><div class=\"heading_group_sc wpb_content_element subtitle_bottom   vc_custom_1753800111116  text-left\">\n\n\n    <h3>Celebrate all year round - <em data-start=\"2820\" data-end=\"2850\">Annas' year powered by GLAMOUR<\/em><\/h3>\n\n\n        <span class=\"subtitle\"><\/span>\n\n<\/div>\n\t<div  class=\"wpb_single_image wpb_content_element vc_align_left\">\n\t\t\n\t\t<figure class=\"wpb_wrapper vc_figure\">\n\t\t\t<div class=\"vc_single_image-wrapper   vc_box_border_grey\"><img loading=\"lazy\" decoding=\"async\" width=\"2251\" height=\"434\" src=\"https:\/\/annagrandhotel.hu\/wp-content\/uploads\/2025\/07\/Jegvarazs-Annak-eve_banner.webp\" class=\"vc_single_image-img attachment-full\" alt=\"\" title=\"Ice Magic Annas year_banner\" srcset=\"https:\/\/annagrandhotel.hu\/wp-content\/uploads\/2025\/07\/Jegvarazs-Annak-eve_banner.webp 2251w, https:\/\/annagrandhotel.hu\/wp-content\/uploads\/2025\/07\/Jegvarazs-Annak-eve_banner-300x58.webp 300w, https:\/\/annagrandhotel.hu\/wp-content\/uploads\/2025\/07\/Jegvarazs-Annak-eve_banner-1024x197.webp 1024w, https:\/\/annagrandhotel.hu\/wp-content\/uploads\/2025\/07\/Jegvarazs-Annak-eve_banner-768x148.webp 768w, https:\/\/annagrandhotel.hu\/wp-content\/uploads\/2025\/07\/Jegvarazs-Annak-eve_banner-1536x296.webp 1536w, https:\/\/annagrandhotel.hu\/wp-content\/uploads\/2025\/07\/Jegvarazs-Annak-eve_banner-2048x395.webp 2048w, https:\/\/annagrandhotel.hu\/wp-content\/uploads\/2025\/07\/Jegvarazs-Annak-eve_banner-18x3.webp 18w\" sizes=\"auto, (max-width: 2251px) 100vw, 2251px\" \/><\/div>\n\t\t<\/figure>\n\t<\/div>\n<div class=\"heading_group_sc wpb_content_element subtitle_bottom   vc_custom_1753862429642  text-left\">\n\n\n    <p style=\"text-align: justify;\">Zur Feier des Jubil\u00e4umsjahres gibt es nicht nur einen Abend, sondern eine ganze Reihe von Veranstaltungen, um den Anna-Ball zu feiern. Das Anna-Jahr powered by GLAMOUR, eine gemeinsame Initiative des Anna Grand Hotels und der Zeitschrift GLAMOUR, wird jeden Monat eine ikonische Anna in Balatonf\u00fcred pr\u00e4sentieren.<\/p>\n<p style=\"text-align: justify;\">On 9 August at 18:00, the actresses who played Anna in the musical The Ice Magic - Anita Gad\u00f3, Hien and Aisha Kardffy - will share their behind-the-scenes secrets and experiences in an inspiring talk at Anna Caf\u00e9. The event is open to all and registration is required.<\/p>\n\n\n        <span class=\"subtitle\"><\/span>\n\n<\/div><\/div><\/div><\/div><\/div><div class=\"vc_row wpb_row vc_row-fluid\"><div class=\"wpb_column vc_column_container vc_col-sm-12\"><div class=\"vc_column-inner\"><div class=\"wpb_wrapper\">\n\t<div class=\"wpb_text_column wpb_content_element\" >\n\t\t<div class=\"wpb_wrapper\">\n\t\t\t\n\t\t<\/div>\n\t<\/div>\n<\/div><\/div><\/div><\/div>\n<\/div>","protected":false},"excerpt":{"rendered":"F\u00e9nyek, hagyom\u00e1nyok, \u00fcnnep \u2013 ilyen volt a 200. Anna-b\u00e1l J\u00falius 27-\u00e9n t\u00f6rt\u00e9nelmi pillanat tan\u00fai lehett\u00fcnk Balatonf\u00fcreden: k\u00e9tsz\u00e1zadik alkalommal rendezt\u00e9k meg Magyarorsz\u00e1g egyik legr\u00e9gebbi \u00e9s legpatin\u00e1sabb t\u00e1rsas\u00e1gi esem\u00e9ny\u00e9t, az Anna-b\u00e1lt. Az esem\u00e9ny ez\u00fattal is az Anna Grand Hotelben kapott otthont, ahol k\u00f6zel nyolcsz\u00e1z vend\u00e9g \u00fcnnepelte a hagyom\u00e1nyokat \u00e9s a meg\u00fajul\u00f3 b\u00e1li kult\u00far\u00e1t \u2013 m\u00e9lt\u00f3 m\u00f3don tisztelegve [...]","protected":false},"author":1,"featured_media":5116,"comment_status":"closed","ping_status":"open","sticky":false,"template":"","format":"standard","meta":{"footnotes":""},"categories":[6],"tags":[],"class_list":["post-5073","post","type-post","status-publish","format-standard","has-post-thumbnail","hentry","category-rendezveny"],"aioseo_notices":[],"_links":{"self":[{"href":"https:\/\/annagrandhotel.hu\/eng\/wp-json\/wp\/v2\/posts\/5073","targetHints":{"allow":["GET"]}}],"collection":[{"href":"https:\/\/annagrandhotel.hu\/eng\/wp-json\/wp\/v2\/posts"}],"about":[{"href":"https:\/\/annagrandhotel.hu\/eng\/wp-json\/wp\/v2\/types\/post"}],"author":[{"embeddable":true,"href":"https:\/\/annagrandhotel.hu\/eng\/wp-json\/wp\/v2\/users\/1"}],"replies":[{"embeddable":true,"href":"https:\/\/annagrandhotel.hu\/eng\/wp-json\/wp\/v2\/comments?post=5073"}],"version-history":[{"count":42,"href":"https:\/\/annagrandhotel.hu\/eng\/wp-json\/wp\/v2\/posts\/5073\/revisions"}],"predecessor-version":[{"id":5122,"href":"https:\/\/annagrandhotel.hu\/eng\/wp-json\/wp\/v2\/posts\/5073\/revisions\/5122"}],"wp:featuredmedia":[{"embeddable":true,"href":"https:\/\/annagrandhotel.hu\/eng\/wp-json\/wp\/v2\/media\/5116"}],"wp:attachment":[{"href":"https:\/\/annagrandhotel.hu\/eng\/wp-json\/wp\/v2\/media?parent=5073"}],"wp:term":[{"taxonomy":"category","embeddable":true,"href":"https:\/\/annagrandhotel.hu\/eng\/wp-json\/wp\/v2\/categories?post=5073"},{"taxonomy":"post_tag","embeddable":true,"href":"https:\/\/annagrandhotel.hu\/eng\/wp-json\/wp\/v2\/tags?post=5073"}],"curies":[{"name":"wp","href":"https:\/\/api.w.org\/{rel}","templated":true}]}}