{"id":5020,"date":"2025-06-11T18:21:09","date_gmt":"2025-06-11T16:21:09","guid":{"rendered":"https:\/\/annagrandhotel.hu\/?p=5020"},"modified":"2025-06-12T10:12:12","modified_gmt":"2025-06-12T08:12:12","slug":"buch-wein-jazz-festival-2025","status":"publish","type":"post","link":"https:\/\/annagrandhotel.hu\/de\/konyv-bor-jazz-fesztival-2025\/","title":{"rendered":"Book-Bor-Jazz Festival im Anna Grand - 12-15 Juni."},"content":{"rendered":"<div class=\"wpb-content-wrapper\"><div class=\"vc_row wpb_row vc_row-fluid vc_custom_1749658727042 vc_row-has-fill\"><div class=\"wpb_column vc_column_container vc_col-sm-12\"><div class=\"vc_column-inner\"><div class=\"wpb_wrapper\"><div class=\"heading_group_sc wpb_content_element subtitle_bottom    text-left\">\n\n\n    <p style=\"text-align: justify;\"><strong>Vom 12. bis 15. Juni bietet Balatonf\u00fcred seinen G\u00e4sten wieder ein besonderes kulturelles Erlebnis: Unsere Stadt ist Gastgeber des Book-Boro-Jazz Festivals, das im Anna Grand Hotel und im Anna Caf\u00e9 stattfindet.<\/strong><\/p>\n<p style=\"text-align: justify;\">W\u00e4hrend der viert\u00e4gigen Veranstaltungsreihe werden literarische Programme, Buchpr\u00e4sentationen, Treffen zwischen Schriftstellern und Lesern, Kinderaktivit\u00e4ten und Konzerte die Tage am Plattensee bereichern. W\u00e4hrend des Festivals finden auf dem Platz vor dem Anna-Caf\u00e9 (Libri-Terrasse) eine Reihe von spannenden literarischen Programmen und Kinderaktivit\u00e4ten statt. Es lohnt sich, auf ein Glas Wein oder ein paar leckere Snacks einzukehren und dabei zeitgen\u00f6ssische Autoren zu treffen oder an den Veranstaltungen f\u00fcr Kinder teilzunehmen.<\/p>\n\n\n        <span class=\"subtitle\"><\/span>\n\n<\/div><div class=\"heading_group_sc wpb_content_element subtitle_bottom    text-left\">\n\n\n    <h4>Donnerstag, 12. Juni<\/h4>\n<p><strong><img loading=\"lazy\" decoding=\"async\" class=\"wp-image-2892 alignleft\" src=\"https:\/\/annagrandhotel.hu\/wp-content\/uploads\/2023\/11\/emblema-kicsi_Rajztabla-1.png\" alt=\"\" width=\"16\" height=\"16\" srcset=\"https:\/\/annagrandhotel.hu\/wp-content\/uploads\/2023\/11\/emblema-kicsi_Rajztabla-1.png 84w, https:\/\/annagrandhotel.hu\/wp-content\/uploads\/2023\/11\/emblema-kicsi_Rajztabla-1-12x12.png 12w\" sizes=\"auto, (max-width: 16px) 100vw, 16px\" \/><\/strong><strong data-start=\"807\" data-end=\"816\">15:00<\/strong> \u2013 <strong data-start=\"819\" data-end=\"854\">Csaba Mik\u00f3 Schriftsteller - Kinderprogramm <\/strong>- Interviewee: Orsolya Vars\u00e1nyi, illustrator (Venue: Anna Caf\u00e9)<\/p>\n<h4>Freitag, 13. Juni<\/h4>\n<p><strong><img loading=\"lazy\" decoding=\"async\" class=\"wp-image-2892 alignleft\" src=\"https:\/\/annagrandhotel.hu\/wp-content\/uploads\/2023\/11\/emblema-kicsi_Rajztabla-1.png\" alt=\"\" width=\"16\" height=\"16\" srcset=\"https:\/\/annagrandhotel.hu\/wp-content\/uploads\/2023\/11\/emblema-kicsi_Rajztabla-1.png 84w, https:\/\/annagrandhotel.hu\/wp-content\/uploads\/2023\/11\/emblema-kicsi_Rajztabla-1-12x12.png 12w\" sizes=\"auto, (max-width: 16px) 100vw, 16px\" \/><\/strong><strong data-start=\"819\" data-end=\"854\">14:30 - Janka F\u00e1bi\u00e1n Schriftstellerin <\/strong>- Autoren-Leser-Treffen, Signierstunde, Buchkauf<\/p>\n<h4>Samstag, 14. Juni<\/h4>\n<p><strong><img loading=\"lazy\" decoding=\"async\" class=\"wp-image-2892 alignleft\" src=\"https:\/\/annagrandhotel.hu\/wp-content\/uploads\/2023\/11\/emblema-kicsi_Rajztabla-1.png\" alt=\"\" width=\"16\" height=\"16\" srcset=\"https:\/\/annagrandhotel.hu\/wp-content\/uploads\/2023\/11\/emblema-kicsi_Rajztabla-1.png 84w, https:\/\/annagrandhotel.hu\/wp-content\/uploads\/2023\/11\/emblema-kicsi_Rajztabla-1-12x12.png 12w\" sizes=\"auto, (max-width: 16px) 100vw, 16px\" \/><\/strong><strong data-start=\"819\" data-end=\"854\">10:00 - M\u00f3r B\u00e1n: Romanreihe Hunyadi <\/strong>- Gespr\u00e4chspartnerin: Schriftstellerin Anna Kar\u00e1dy<\/p>\n<p><strong><img loading=\"lazy\" decoding=\"async\" class=\"wp-image-2892 alignleft\" src=\"https:\/\/annagrandhotel.hu\/wp-content\/uploads\/2023\/11\/emblema-kicsi_Rajztabla-1.png\" alt=\"\" width=\"16\" height=\"16\" srcset=\"https:\/\/annagrandhotel.hu\/wp-content\/uploads\/2023\/11\/emblema-kicsi_Rajztabla-1.png 84w, https:\/\/annagrandhotel.hu\/wp-content\/uploads\/2023\/11\/emblema-kicsi_Rajztabla-1-12x12.png 12w\" sizes=\"auto, (max-width: 16px) 100vw, 16px\" \/><\/strong><strong data-start=\"819\" data-end=\"854\">15:00 - P\u00e9ter Weiler K\u00fcnstler, Schriftsteller <\/strong>- Autoren-Leser-Treffen, Buchsignierung<\/p>\n<h4>Sonntag, 15. Juni<\/h4>\n<p><strong><img loading=\"lazy\" decoding=\"async\" class=\"wp-image-2892 alignleft\" src=\"https:\/\/annagrandhotel.hu\/wp-content\/uploads\/2023\/11\/emblema-kicsi_Rajztabla-1.png\" alt=\"\" width=\"16\" height=\"16\" srcset=\"https:\/\/annagrandhotel.hu\/wp-content\/uploads\/2023\/11\/emblema-kicsi_Rajztabla-1.png 84w, https:\/\/annagrandhotel.hu\/wp-content\/uploads\/2023\/11\/emblema-kicsi_Rajztabla-1-12x12.png 12w\" sizes=\"auto, (max-width: 16px) 100vw, 16px\" \/><\/strong><strong data-start=\"819\" data-end=\"854\">10:00 - Fiala Borcsa - Programm f\u00fcr Kinder<\/strong><\/p>\n<p><strong><img loading=\"lazy\" decoding=\"async\" class=\"wp-image-2892 alignleft\" src=\"https:\/\/annagrandhotel.hu\/wp-content\/uploads\/2023\/11\/emblema-kicsi_Rajztabla-1.png\" alt=\"\" width=\"16\" height=\"16\" srcset=\"https:\/\/annagrandhotel.hu\/wp-content\/uploads\/2023\/11\/emblema-kicsi_Rajztabla-1.png 84w, https:\/\/annagrandhotel.hu\/wp-content\/uploads\/2023\/11\/emblema-kicsi_Rajztabla-1-12x12.png 12w\" sizes=\"auto, (max-width: 16px) 100vw, 16px\" \/><\/strong><strong data-start=\"819\" data-end=\"854\">14:00 - \u00c1d\u00e1m D\u00e1vid Schriftsteller, Dichter - Kinderprogramm <\/strong>- Autoren-Leser-Treffen, Buchsignierung<\/p>\n<p>&nbsp;<\/p>\n<h4>BEGLEITENDE VERANSTALTUNGEN: AUTOREN-LESER-TREFFEN, SIGNIERSTUNDEN, BUCHVERKAUF<\/h4>\n<p><strong><img loading=\"lazy\" decoding=\"async\" class=\"wp-image-2892 alignleft\" src=\"https:\/\/annagrandhotel.hu\/wp-content\/uploads\/2023\/11\/emblema-kicsi_Rajztabla-1.png\" alt=\"\" width=\"16\" height=\"16\" srcset=\"https:\/\/annagrandhotel.hu\/wp-content\/uploads\/2023\/11\/emblema-kicsi_Rajztabla-1.png 84w, https:\/\/annagrandhotel.hu\/wp-content\/uploads\/2023\/11\/emblema-kicsi_Rajztabla-1-12x12.png 12w\" sizes=\"auto, (max-width: 16px) 100vw, 16px\" \/>17. Juni. <\/strong><strong>14:00 -<\/strong> <strong data-start=\"819\" data-end=\"854\">\u00c1d\u00e1m B\u0151sze Musikhistoriker\u00a0<\/strong><\/p>\n<p><strong><img loading=\"lazy\" decoding=\"async\" class=\"wp-image-2892 alignleft\" src=\"https:\/\/annagrandhotel.hu\/wp-content\/uploads\/2023\/11\/emblema-kicsi_Rajztabla-1.png\" alt=\"\" width=\"16\" height=\"16\" srcset=\"https:\/\/annagrandhotel.hu\/wp-content\/uploads\/2023\/11\/emblema-kicsi_Rajztabla-1.png 84w, https:\/\/annagrandhotel.hu\/wp-content\/uploads\/2023\/11\/emblema-kicsi_Rajztabla-1-12x12.png 12w\" sizes=\"auto, (max-width: 16px) 100vw, 16px\" \/><\/strong><\/p>\n<p><strong>Mittwoch, 18. Juni<\/strong>\u00a0<strong data-start=\"819\" data-end=\"854\">17:00 - Die Schriftsteller Anna Kar\u00e1dy und M\u00f3r B\u00e1n\u00a0<\/strong><\/p>\n<p><strong><img loading=\"lazy\" decoding=\"async\" class=\"wp-image-2892 alignleft\" src=\"https:\/\/annagrandhotel.hu\/wp-content\/uploads\/2023\/11\/emblema-kicsi_Rajztabla-1.png\" alt=\"\" width=\"16\" height=\"16\" srcset=\"https:\/\/annagrandhotel.hu\/wp-content\/uploads\/2023\/11\/emblema-kicsi_Rajztabla-1.png 84w, https:\/\/annagrandhotel.hu\/wp-content\/uploads\/2023\/11\/emblema-kicsi_Rajztabla-1-12x12.png 12w\" sizes=\"auto, (max-width: 16px) 100vw, 16px\" \/><\/strong><\/p>\n<p><strong>Donnerstag, 19. Juni<\/strong>\u00a0<strong data-start=\"819\" data-end=\"854\">17:00 - G\u00e1bor T\u00f3th Schriftsteller, Journalist<\/strong><\/p>\n<p><strong><img loading=\"lazy\" decoding=\"async\" class=\"wp-image-2892 alignleft\" src=\"https:\/\/annagrandhotel.hu\/wp-content\/uploads\/2023\/11\/emblema-kicsi_Rajztabla-1.png\" alt=\"\" width=\"16\" height=\"16\" srcset=\"https:\/\/annagrandhotel.hu\/wp-content\/uploads\/2023\/11\/emblema-kicsi_Rajztabla-1.png 84w, https:\/\/annagrandhotel.hu\/wp-content\/uploads\/2023\/11\/emblema-kicsi_Rajztabla-1-12x12.png 12w\" sizes=\"auto, (max-width: 16px) 100vw, 16px\" \/><\/strong><\/p>\n<p><strong>Samstag, 21. Juni, 14:00 - Kriszti\u00e1n Kov\u00e1cs Schriftsteller<\/strong><\/p>\n<p><strong><img loading=\"lazy\" decoding=\"async\" class=\"wp-image-2892 alignleft\" src=\"https:\/\/annagrandhotel.hu\/wp-content\/uploads\/2023\/11\/emblema-kicsi_Rajztabla-1.png\" alt=\"\" width=\"16\" height=\"16\" srcset=\"https:\/\/annagrandhotel.hu\/wp-content\/uploads\/2023\/11\/emblema-kicsi_Rajztabla-1.png 84w, https:\/\/annagrandhotel.hu\/wp-content\/uploads\/2023\/11\/emblema-kicsi_Rajztabla-1-12x12.png 12w\" sizes=\"auto, (max-width: 16px) 100vw, 16px\" \/><\/strong><\/p>\n<p><strong>21. Juni, Samstag 15:00 - Viola Varga Kunsthistorikerin - Kinderprogramm - Wanderworkshop: Postkartenherstellung mit Briefmarken, Ausmalen f\u00fcr Kinder.\u00a0<\/strong><\/p>\n<p><strong><img loading=\"lazy\" decoding=\"async\" class=\"wp-image-2892 alignleft\" src=\"https:\/\/annagrandhotel.hu\/wp-content\/uploads\/2023\/11\/emblema-kicsi_Rajztabla-1.png\" alt=\"\" width=\"16\" height=\"16\" srcset=\"https:\/\/annagrandhotel.hu\/wp-content\/uploads\/2023\/11\/emblema-kicsi_Rajztabla-1.png 84w, https:\/\/annagrandhotel.hu\/wp-content\/uploads\/2023\/11\/emblema-kicsi_Rajztabla-1-12x12.png 12w\" sizes=\"auto, (max-width: 16px) 100vw, 16px\" \/><\/strong><\/p>\n<p><strong>Sonntag, 22. Juni, 14:00 - Szlavicsek Judit Schriftstellerin\u00a0<\/strong><\/p>\n\n\n        <span class=\"subtitle\"><\/span>\n\n<\/div><div class=\"heading_group_sc wpb_content_element subtitle_bottom    text-left\">\n\n\n    <p>W\u00e4hrend des Festivals bietet das Anna Caf\u00e9 <strong data-start=\"784\" data-end=\"822\">eine besondere Auswahl an Speisen und Getr\u00e4nken an<\/strong> , so dass Sie sich ein gastronomisches Erlebnis nicht entgehen lassen k\u00f6nnen!<\/p>\n\n\n        <span class=\"subtitle\"><\/span>\n\n<\/div>\n\t<div  class=\"wpb_single_image wpb_content_element vc_align_left\">\n\t\t\n\t\t<figure class=\"wpb_wrapper vc_figure\">\n\t\t\t<div class=\"vc_single_image-wrapper   vc_box_border_grey\"><img loading=\"lazy\" decoding=\"async\" width=\"2482\" height=\"1755\" src=\"https:\/\/annagrandhotel.hu\/wp-content\/uploads\/2025\/06\/Anna-Grand-Konyv-Bor-Jazz-menu_web.webp\" class=\"vc_single_image-img attachment-full\" alt=\"\" title=\"Anna Grand Buch-Bor-Jazz menu_web\" srcset=\"https:\/\/annagrandhotel.hu\/wp-content\/uploads\/2025\/06\/Anna-Grand-Konyv-Bor-Jazz-menu_web.webp 2482w, https:\/\/annagrandhotel.hu\/wp-content\/uploads\/2025\/06\/Anna-Grand-Konyv-Bor-Jazz-menu_web-300x212.webp 300w, https:\/\/annagrandhotel.hu\/wp-content\/uploads\/2025\/06\/Anna-Grand-Konyv-Bor-Jazz-menu_web-1024x724.webp 1024w, https:\/\/annagrandhotel.hu\/wp-content\/uploads\/2025\/06\/Anna-Grand-Konyv-Bor-Jazz-menu_web-768x543.webp 768w, https:\/\/annagrandhotel.hu\/wp-content\/uploads\/2025\/06\/Anna-Grand-Konyv-Bor-Jazz-menu_web-1536x1086.webp 1536w, https:\/\/annagrandhotel.hu\/wp-content\/uploads\/2025\/06\/Anna-Grand-Konyv-Bor-Jazz-menu_web-2048x1448.webp 2048w, https:\/\/annagrandhotel.hu\/wp-content\/uploads\/2025\/06\/Anna-Grand-Konyv-Bor-Jazz-menu_web-18x12.webp 18w\" sizes=\"auto, (max-width: 2482px) 100vw, 2482px\" \/><\/div>\n\t\t<\/figure>\n\t<\/div>\n<div class=\"plethora_button wpb_content_element   text-left\">\n    <a href=\"https:\/\/www.google.com\/maps\/dir\/\/Anna+Grand+Hotel+Balatonf%C3%BCred+Gy%C3%B3gy+t%C3%A9r+1+8230\/@46.9557512,17.8941899,15z\/data=!4m8!4m7!1m0!1m5!1m1!1s0x4769bd08934a3087:0x3305b00b2ea4aba2!2m2!1d17.8941761!2d46.9557626?entry=ttu\" class=\"btn btn-secondary\" title=\"\"  target=\"_blank\">\n\n        \n        Wegbeschreibung\n        \n\n    <\/a>\n<\/div><div class=\"wpb_gmaps_widget wpb_content_element\"><div class=\"wpb_wrapper\"><div class=\"wpb_map_wraper\"><iframe src=\"https:\/\/www.google.com\/maps\/embed?pb=!1m14!1m8!1m3!1d8339.24524874408!2d17.891617524119038!3d46.95662571047828!3m2!1i1024!2i768!4f13.1!3m3!1m2!1s0x4769bd08934a3087%3A0x3305b00b2ea4aba2!2sAnna%20Grand%20Hotel!5e0!3m2!1sen!2shu!4v1693214435557!5m2!1sen!2shu\" width=\"600\" height=\"450\" style=\"border:0;\" allowfullscreen=\"\" loading=\"lazy\" referrerpolicy=\"no-referrer-when-downgrade\"><\/iframe><\/div><\/div><\/div><\/div><\/div><\/div><\/div>\n<\/div>","protected":false},"excerpt":{"rendered":"J\u00fanius 12. \u00e9s 15. k\u00f6z\u00f6tt ism\u00e9t k\u00fcl\u00f6nleges kultur\u00e1lis \u00e9lm\u00e9nyekkel v\u00e1rja vend\u00e9geit Balatonf\u00fcred: v\u00e1rosunk ad otthont a K\u00f6nyv-Bor-Jazz Fesztiv\u00e1lnak, melynek egyik kiemelt helysz\u00edne az Anna Grand Hotel \u00e9s az Anna Caf\u00e9. A n\u00e9gynapos esem\u00e9nysorozat sor\u00e1n irodalmi programok, k\u00f6nyvbemutat\u00f3k, \u00edr\u00f3-olvas\u00f3 tal\u00e1lkoz\u00f3k, gyermekfoglalkoz\u00e1sok \u00e9s koncertek sz\u00ednes\u00edtik a Balaton-parti napokat.\u00a0A fesztiv\u00e1l ideje alatt az Anna Caf\u00e9 el\u0151tti t\u00e9r (Libri [...]","protected":false},"author":1,"featured_media":5027,"comment_status":"closed","ping_status":"open","sticky":false,"template":"","format":"standard","meta":{"footnotes":""},"categories":[6],"tags":[],"class_list":["post-5020","post","type-post","status-publish","format-standard","has-post-thumbnail","hentry","category-rendezveny"],"aioseo_notices":[],"_links":{"self":[{"href":"https:\/\/annagrandhotel.hu\/de\/wp-json\/wp\/v2\/posts\/5020","targetHints":{"allow":["GET"]}}],"collection":[{"href":"https:\/\/annagrandhotel.hu\/de\/wp-json\/wp\/v2\/posts"}],"about":[{"href":"https:\/\/annagrandhotel.hu\/de\/wp-json\/wp\/v2\/types\/post"}],"author":[{"embeddable":true,"href":"https:\/\/annagrandhotel.hu\/de\/wp-json\/wp\/v2\/users\/1"}],"replies":[{"embeddable":true,"href":"https:\/\/annagrandhotel.hu\/de\/wp-json\/wp\/v2\/comments?post=5020"}],"version-history":[{"count":10,"href":"https:\/\/annagrandhotel.hu\/de\/wp-json\/wp\/v2\/posts\/5020\/revisions"}],"predecessor-version":[{"id":5031,"href":"https:\/\/annagrandhotel.hu\/de\/wp-json\/wp\/v2\/posts\/5020\/revisions\/5031"}],"wp:featuredmedia":[{"embeddable":true,"href":"https:\/\/annagrandhotel.hu\/de\/wp-json\/wp\/v2\/media\/5027"}],"wp:attachment":[{"href":"https:\/\/annagrandhotel.hu\/de\/wp-json\/wp\/v2\/media?parent=5020"}],"wp:term":[{"taxonomy":"category","embeddable":true,"href":"https:\/\/annagrandhotel.hu\/de\/wp-json\/wp\/v2\/categories?post=5020"},{"taxonomy":"post_tag","embeddable":true,"href":"https:\/\/annagrandhotel.hu\/de\/wp-json\/wp\/v2\/tags?post=5020"}],"curies":[{"name":"wp","href":"https:\/\/api.w.org\/{rel}","templated":true}]}}