{"id":4863,"date":"2025-03-13T14:53:58","date_gmt":"2025-03-13T13:53:58","guid":{"rendered":"https:\/\/annagrandhotel.hu\/?p=4863"},"modified":"2025-04-10T13:25:15","modified_gmt":"2025-04-10T11:25:15","slug":"annas-year-march-15","status":"publish","type":"post","link":"https:\/\/annagrandhotel.hu\/de\/annak-eve-marcius-15-esemeny\/","title":{"rendered":"Jahr der Annas 15. M\u00e4rz Veranstaltung"},"content":{"rendered":"<div class=\"wpb-content-wrapper\"><div class=\"vc_row wpb_row vc_row-fluid vc_custom_1741875472164 vc_row-has-fill\"><div class=\"wpb_column vc_column_container vc_col-sm-12\"><div class=\"vc_column-inner\"><div class=\"wpb_wrapper\"><div class=\"heading_group_sc wpb_content_element subtitle_bottom   vc_custom_1741872110210  text-left\">\n\n\n    <h2>Annas' Year - 15. M\u00e4rz<\/h2>\n\n\n        <span class=\"subtitle\"><\/span>\n\n<\/div><div class=\"heading_group_sc wpb_content_element subtitle_bottom   vc_custom_1741872093011  text-left\">\n\n\n    <p style=\"text-align: justify;\"><strong>Am 15. M\u00e4rz wird das Programm des Anna-Jahres, das in Zusammenarbeit mit der Zeitschrift GLAMOUR organisiert wird, mit einem besonderen Abend im Anna Grand Hotel fortgesetzt, der spannende Vortr\u00e4ge, exklusive Erlebnisse und entspannende Aktivit\u00e4ten bietet.<\/strong><\/p>\n\n\n        <span class=\"subtitle\"><\/span>\n\n<\/div><div class=\"heading_group_sc wpb_content_element subtitle_bottom    text-left\">\n\n\n    <p style=\"text-align: justify;\">Einer der H\u00f6hepunkte des Abends wird eine Diskussionsrunde sein, bei der Anna P\u00e1lmai ihre Gedanken und Erfahrungen in einer informellen und inspirierenden Diskussion teilen wird. Ein DJ wird in der Lounge Bar f\u00fcr eine entspannte und elegante Atmosph\u00e4re sorgen.<\/p>\n<p><strong>19:00 | DJ IN DER LOUNGE<\/strong><\/p>\n<p><strong>20:30 | DISKUSSION MIT ANNA P\u00c1LMAI<\/strong><\/p>\n\n\n        <span class=\"subtitle\"><\/span>\n\n<\/div><div class=\"heading_group_sc wpb_content_element subtitle_bottom   vc_custom_1741872153506  text-left\">\n\n\n    <h3>Exklusive M\u00f6glichkeiten f\u00fcr unsere G\u00e4ste mit Zimmerreservierung<\/h3>\n\n\n        <span class=\"subtitle\"><\/span>\n\n<\/div><\/div><\/div><\/div><\/div><div class=\"vc_row wpb_row vc_row-fluid vc_custom_1741873962548 vc_row-has-fill\"><div class=\"wpb_column vc_column_container vc_col-sm-8\"><div class=\"vc_column-inner\"><div class=\"wpb_wrapper\"><div class=\"heading_group_sc wpb_content_element subtitle_bottom    text-left\">\n\n\n    <p><strong><img loading=\"lazy\" decoding=\"async\" class=\"wp-image-2892 alignleft\" src=\"https:\/\/annagrandhotel.hu\/wp-content\/uploads\/2023\/11\/emblema-kicsi_Rajztabla-1.png\" alt=\"\" width=\"16\" height=\"16\" srcset=\"https:\/\/annagrandhotel.hu\/wp-content\/uploads\/2023\/11\/emblema-kicsi_Rajztabla-1.png 84w, https:\/\/annagrandhotel.hu\/wp-content\/uploads\/2023\/11\/emblema-kicsi_Rajztabla-1-12x12.png 12w\" sizes=\"auto, (max-width: 16px) 100vw, 16px\" \/>Stil-Tipps <\/strong>- Pers\u00f6nliche Stil- und Farbberatung durch Ordasi Zsolt<\/p>\n<p><strong><img loading=\"lazy\" decoding=\"async\" class=\"wp-image-2892 alignleft\" src=\"https:\/\/annagrandhotel.hu\/wp-content\/uploads\/2023\/11\/emblema-kicsi_Rajztabla-1.png\" alt=\"\" width=\"16\" height=\"16\" srcset=\"https:\/\/annagrandhotel.hu\/wp-content\/uploads\/2023\/11\/emblema-kicsi_Rajztabla-1.png 84w, https:\/\/annagrandhotel.hu\/wp-content\/uploads\/2023\/11\/emblema-kicsi_Rajztabla-1-12x12.png 12w\" sizes=\"auto, (max-width: 16px) 100vw, 16px\" \/>Analyse der Hautzusammensetzung <\/strong>- Pers\u00f6nliche Sch\u00f6nheitsempfehlungen der Marke Anna Harangv\u00f6lgyi Beauty and Longevity<\/p>\n<p><strong><img loading=\"lazy\" decoding=\"async\" class=\"wp-image-2892 alignleft\" src=\"https:\/\/annagrandhotel.hu\/wp-content\/uploads\/2023\/11\/emblema-kicsi_Rajztabla-1.png\" alt=\"\" width=\"16\" height=\"16\" srcset=\"https:\/\/annagrandhotel.hu\/wp-content\/uploads\/2023\/11\/emblema-kicsi_Rajztabla-1.png 84w, https:\/\/annagrandhotel.hu\/wp-content\/uploads\/2023\/11\/emblema-kicsi_Rajztabla-1-12x12.png 12w\" sizes=\"auto, (max-width: 16px) 100vw, 16px\" \/>Kosmetische Beratung <\/strong>- professionelle Tipps f\u00fcr gesunde, strahlende Haut von Anna Harangv\u00f6lgyi Beauty and Longevity<strong><br \/>\n<\/strong><\/p>\n<p><strong><img loading=\"lazy\" decoding=\"async\" class=\"wp-image-2892 alignleft\" src=\"https:\/\/annagrandhotel.hu\/wp-content\/uploads\/2023\/11\/emblema-kicsi_Rajztabla-1.png\" alt=\"\" width=\"16\" height=\"16\" srcset=\"https:\/\/annagrandhotel.hu\/wp-content\/uploads\/2023\/11\/emblema-kicsi_Rajztabla-1.png 84w, https:\/\/annagrandhotel.hu\/wp-content\/uploads\/2023\/11\/emblema-kicsi_Rajztabla-1-12x12.png 12w\" sizes=\"auto, (max-width: 16px) 100vw, 16px\" \/>Champagner-Verkostung<\/strong> - Ausgew\u00e4hlte Schaumweine, die den Abend perfekt abrunden<strong><br \/>\n<\/strong><\/p>\n\n\n        <span class=\"subtitle\"><\/span>\n\n<\/div><\/div><\/div><\/div><div class=\"wpb_column vc_column_container vc_col-sm-4\"><div class=\"vc_column-inner\"><div class=\"wpb_wrapper\">\n\t<div  class=\"wpb_single_image wpb_content_element vc_align_left\">\n\t\t\n\t\t<figure class=\"wpb_wrapper vc_figure\">\n\t\t\t<div class=\"vc_single_image-wrapper   vc_box_border_grey\"><img loading=\"lazy\" decoding=\"async\" width=\"936\" height=\"1403\" src=\"https:\/\/annagrandhotel.hu\/wp-content\/uploads\/2025\/03\/Ordas-Zsolt-04.webp\" class=\"vc_single_image-img attachment-full\" alt=\"\" title=\"Zsolt Ordas-04\" srcset=\"https:\/\/annagrandhotel.hu\/wp-content\/uploads\/2025\/03\/Ordas-Zsolt-04.webp 936w, https:\/\/annagrandhotel.hu\/wp-content\/uploads\/2025\/03\/Ordas-Zsolt-04-200x300.webp 200w, https:\/\/annagrandhotel.hu\/wp-content\/uploads\/2025\/03\/Ordas-Zsolt-04-683x1024.webp 683w, https:\/\/annagrandhotel.hu\/wp-content\/uploads\/2025\/03\/Ordas-Zsolt-04-768x1151.webp 768w, https:\/\/annagrandhotel.hu\/wp-content\/uploads\/2025\/03\/Ordas-Zsolt-04-8x12.webp 8w\" sizes=\"auto, (max-width: 936px) 100vw, 936px\" \/><\/div>\n\t\t<\/figure>\n\t<\/div>\n<\/div><\/div><\/div><\/div><div class=\"vc_row wpb_row vc_row-fluid vc_custom_1741873949740 vc_row-has-fill\"><div class=\"wpb_column vc_column_container vc_col-sm-12\"><div class=\"vc_column-inner\"><div class=\"wpb_wrapper\"><div class=\"heading_group_sc wpb_content_element subtitle_bottom    text-left\">\n\n\n    <p>Ein Abend der Inspiration, des Auftankens und exklusiver Erlebnisse. Wir freuen uns, Sie begr\u00fc\u00dfen zu d\u00fcrfen!<\/p>\n\n\n        <span class=\"subtitle\"><\/span>\n\n<\/div><div class=\"plethora_button wpb_content_element   text-left\">\n    <a href=\"https:\/\/fb.me\/e\/65cj83Hz4\" class=\"btn btn-inv btn-secondary\" title=\"\"  target=\"_blank\">\n\n        \n        Facebook-Veranstaltung\n        \n\n    <\/a>\n<\/div><\/div><\/div><\/div><\/div>\n<\/div>","protected":false},"excerpt":{"rendered":"Ann\u00e1k \u00e9ve - M\u00e1rcius 15. M\u00e1rcius 15-\u00e9n folytat\u00f3dik a GLAMOUR magazinnal k\u00f6z\u00f6sen szervezett Ann\u00e1k \u00c9ve programsorozatunk egy k\u00fcl\u00f6nleges esttel az Anna Grand Hotelben, amely sor\u00e1n izgalmas besz\u00e9lget\u00e9sek, exkluz\u00edv \u00e9lm\u00e9nyek \u00e9s kellemes kikapcsol\u00f3d\u00e1si lehet\u0151s\u00e9gek v\u00e1rj\u00e1k a vend\u00e9geket. Az este egyik kiemelt programja egy kerekasztal-besz\u00e9lget\u00e9s, ahol P\u00e1lmai Anna osztja meg gondolatait \u00e9s tapasztalatait egy k\u00f6tetlen, inspir\u00e1l\u00f3 diskurzus [...]","protected":false},"author":1,"featured_media":4891,"comment_status":"closed","ping_status":"open","sticky":false,"template":"","format":"standard","meta":{"footnotes":""},"categories":[6],"tags":[],"class_list":["post-4863","post","type-post","status-publish","format-standard","has-post-thumbnail","hentry","category-rendezveny"],"aioseo_notices":[],"_links":{"self":[{"href":"https:\/\/annagrandhotel.hu\/de\/wp-json\/wp\/v2\/posts\/4863","targetHints":{"allow":["GET"]}}],"collection":[{"href":"https:\/\/annagrandhotel.hu\/de\/wp-json\/wp\/v2\/posts"}],"about":[{"href":"https:\/\/annagrandhotel.hu\/de\/wp-json\/wp\/v2\/types\/post"}],"author":[{"embeddable":true,"href":"https:\/\/annagrandhotel.hu\/de\/wp-json\/wp\/v2\/users\/1"}],"replies":[{"embeddable":true,"href":"https:\/\/annagrandhotel.hu\/de\/wp-json\/wp\/v2\/comments?post=4863"}],"version-history":[{"count":25,"href":"https:\/\/annagrandhotel.hu\/de\/wp-json\/wp\/v2\/posts\/4863\/revisions"}],"predecessor-version":[{"id":4887,"href":"https:\/\/annagrandhotel.hu\/de\/wp-json\/wp\/v2\/posts\/4863\/revisions\/4887"}],"wp:featuredmedia":[{"embeddable":true,"href":"https:\/\/annagrandhotel.hu\/de\/wp-json\/wp\/v2\/media\/4891"}],"wp:attachment":[{"href":"https:\/\/annagrandhotel.hu\/de\/wp-json\/wp\/v2\/media?parent=4863"}],"wp:term":[{"taxonomy":"category","embeddable":true,"href":"https:\/\/annagrandhotel.hu\/de\/wp-json\/wp\/v2\/categories?post=4863"},{"taxonomy":"post_tag","embeddable":true,"href":"https:\/\/annagrandhotel.hu\/de\/wp-json\/wp\/v2\/tags?post=4863"}],"curies":[{"name":"wp","href":"https:\/\/api.w.org\/{rel}","templated":true}]}}