{"id":3877,"date":"2024-07-02T12:45:03","date_gmt":"2024-07-02T10:45:03","guid":{"rendered":"https:\/\/annagrandhotel.hu\/?p=3877"},"modified":"2024-07-16T11:51:09","modified_gmt":"2024-07-16T09:51:09","slug":"anna-grand-jazz-garden","status":"publish","type":"post","link":"https:\/\/annagrandhotel.hu\/de\/anna-grand-jazz-garden\/","title":{"rendered":"Anna Grand Jazz Garden"},"content":{"rendered":"<div class=\"wpb-content-wrapper\"><div class=\"vc_row wpb_row vc_row-fluid vc_custom_1719916951897\"><div class=\"wpb_column vc_column_container vc_col-sm-12\"><div class=\"vc_column-inner\"><div class=\"wpb_wrapper\"><div class=\"heading_group_sc wpb_content_element subtitle_bottom    text-left\">\n\n\n    <h2>Anna Grand Jazz Garden Sommerveranstaltungen<\/h2>\n\n\n        <span class=\"subtitle\"><\/span>\n\n<\/div><div class=\"heading_group_sc wpb_content_element subtitle_bottom    text-left\">\n\n\n    <p style=\"text-align: justify;\"><strong>Der intime mediterrane Innenhof des Anna Grand Hotels erwartet die Jazzliebhaber den ganzen Sommer \u00fcber im Rahmen der Veranstaltungsreihe Anna Grand Jazz Garden, die gemeinsam mit dem Parker Jazz Club und Hendricks Gin organisiert wird.<\/strong><\/p>\n<p style=\"text-align: justify;\">F\u00fcr gute Unterhaltung sorgen das beeindruckende, bekannte Umfeld, Vertreter des ungarischen Jazz und tolle Getr\u00e4nke an hei\u00dfen Sommerabenden. Der Kartenvorverkauf l\u00e4uft, und wir werden Sie auf den Social-Media-Seiten unseres Hotels und des Parker Jazz Clubs \u00fcber die neuesten Informationen auf dem Laufenden halten. Der Eintritt zu den Veranstaltungen ist f\u00fcr G\u00e4ste des Anna Grand Hotels frei, eine Anmeldung ist jedoch erforderlich. Die Sitzpl\u00e4tze sind begrenzt.<\/p>\n\n\n        <span class=\"subtitle\"><\/span>\n\n<\/div><\/div><\/div><\/div><\/div><div class=\"vc_row wpb_row vc_row-fluid vc_custom_1719913176029\"><div class=\"wpb_column vc_column_container vc_col-sm-9 vc_col-sm-offset-1\"><div class=\"vc_column-inner\"><div class=\"wpb_wrapper\">\n\t<div  class=\"wpb_single_image wpb_content_element vc_align_center  wpb_animate_when_almost_visible wpb_fadeInUp fadeInUp vc_custom_1719913149995\">\n\t\t\n\t\t<figure class=\"wpb_wrapper vc_figure\">\n\t\t\t<div class=\"vc_single_image-wrapper   vc_box_border_grey\"><img loading=\"lazy\" decoding=\"async\" width=\"200\" height=\"110\" src=\"https:\/\/annagrandhotel.hu\/wp-content\/uploads\/2024\/07\/Jazz-Garden.webp\" class=\"vc_single_image-img attachment-full\" alt=\"\" title=\"Jazz Garten\" srcset=\"https:\/\/annagrandhotel.hu\/wp-content\/uploads\/2024\/07\/Jazz-Garden.webp 200w, https:\/\/annagrandhotel.hu\/wp-content\/uploads\/2024\/07\/Jazz-Garden-18x10.webp 18w\" sizes=\"auto, (max-width: 200px) 100vw, 200px\" \/><\/div>\n\t\t<\/figure>\n\t<\/div>\n<\/div><\/div><\/div><\/div><div class=\"vc_row wpb_row vc_row-fluid vc_custom_1719914055204\"><div class=\"wpb_column vc_column_container vc_col-sm-9 vc_col-sm-offset-1 vc_col-has-fill\"><div class=\"vc_column-inner vc_custom_1719913708786\"><div class=\"wpb_wrapper\"><div class=\"heading_group_sc wpb_content_element subtitle_bottom   vc_custom_1719919163356  text-left\">\n\n\n    <div class=\"list-item\" style=\"display: flex; justify-content: space-between; width: 100%; color: white;\"><span class=\"list-left\" style=\"flex: 1; text-align: left; color: white;\"><strong><img loading=\"lazy\" decoding=\"async\" class=\"wp-image-2892\" src=\"https:\/\/annagrandhotel.hu\/wp-content\/uploads\/2024\/07\/Emblema.png\" alt=\"\" width=\"16\" height=\"16\" \/> 13. Juli <\/strong>(Samstag)<\/span><span class=\"list-right\" style=\"flex: 1; text-align: right; color: white;\">MICHELLER MYRTILL und SWINGUISTIQUE<\/span><\/div>\n<div class=\"list-item\" style=\"display: flex; justify-content: space-between; width: 100%; color: white;\"><\/div>\n\n\n        <span class=\"subtitle\"><\/span>\n\n<\/div><\/div><\/div><\/div><\/div><div class=\"vc_row wpb_row vc_row-fluid vc_custom_1719914062724\"><div class=\"wpb_column vc_column_container vc_col-sm-9 vc_col-sm-offset-1 vc_col-has-fill\"><div class=\"vc_column-inner vc_custom_1719913708786\"><div class=\"wpb_wrapper\"><div class=\"heading_group_sc wpb_content_element subtitle_bottom   vc_custom_1719919186309  text-left\">\n\n\n    <div class=\"list-item\" style=\"display: flex; justify-content: space-between; width: 100%; color: white;\"><span class=\"list-left\" style=\"flex: 1; text-align: left; color: white;\"><strong><img loading=\"lazy\" decoding=\"async\" class=\"wp-image-2892\" src=\"https:\/\/annagrandhotel.hu\/wp-content\/uploads\/2024\/07\/Emblema.png\" alt=\"\" width=\"16\" height=\"16\" \/> 11. August <\/strong>(Sonntag)<\/span><span class=\"list-right\" style=\"flex: 1; text-align: right; color: white;\">VARGA BENDEG\u00daZ QUARTETT<\/span><\/div>\n<div class=\"list-item\" style=\"display: flex; justify-content: space-between; width: 100%; color: white;\"><\/div>\n\n\n        <span class=\"subtitle\"><\/span>\n\n<\/div><\/div><\/div><\/div><\/div><div class=\"vc_row wpb_row vc_row-fluid vc_custom_1719914069145\"><div class=\"wpb_column vc_column_container vc_col-sm-9 vc_col-sm-offset-1 vc_col-has-fill\"><div class=\"vc_column-inner vc_custom_1719913708786\"><div class=\"wpb_wrapper\"><div class=\"heading_group_sc wpb_content_element subtitle_bottom   vc_custom_1721123434796  text-left\">\n\n\n    <div class=\"list-item\" style=\"display: flex; justify-content: space-between; width: 100%; color: white;\"><span class=\"list-left\" style=\"flex: 1; text-align: left; color: white;\"><strong><img loading=\"lazy\" decoding=\"async\" class=\"wp-image-2892\" src=\"https:\/\/annagrandhotel.hu\/wp-content\/uploads\/2024\/07\/Emblema.png\" alt=\"\" width=\"16\" height=\"16\" \/> 16. August <\/strong>(Freitag)<\/span><span class=\"list-right\" style=\"flex: 1; text-align: right; color: white;\">ENYEDI SUG\u00c1RKA JAZZTETT<\/span><\/div>\n<div class=\"list-item\" style=\"display: flex; justify-content: space-between; width: 100%; color: white;\"><\/div>\n\n\n        <span class=\"subtitle\"><\/span>\n\n<\/div><div class=\"plethora_button wpb_content_element  vc_custom_1721123394433  text-left\">\n    <a href=\"https:\/\/www.ticketportal.hu\/event\/Enyedi-Sugarka-Latin-Jazz-Tett-koncert\" class=\"btn btn-light\" title=\"\"  target=\"_blank\">\n\n        \n        Eintrittskarten f\u00fcr die Veranstaltung\n        \n\n    <\/a>\n<\/div><\/div><\/div><\/div><\/div><div class=\"vc_row wpb_row vc_row-fluid vc_custom_1719914816171\"><div class=\"wpb_column vc_column_container vc_col-sm-12\"><div class=\"vc_column-inner\"><div class=\"wpb_wrapper\"><div class=\"heading_group_sc wpb_content_element subtitle_bottom    text-left\">\n\n\n    <p style=\"text-align: justify;\">Weitere Informationen finden Sie auf unseren Social-Media-Seiten, wo wir Sie \u00fcber unsere neuesten Nachrichten und Veranstaltungen auf dem Laufenden halten.<\/p>\n\n\n        <span class=\"subtitle\"><\/span>\n\n<\/div><div class=\"plethora_button wpb_content_element   text-left\">\n    <a href=\"https:\/\/www.google.com\/maps\/dir\/\/Anna+Grand+Hotel+Balatonf%C3%BCred+Gy%C3%B3gy+t%C3%A9r+1+8230\/@46.9557512,17.8941899,15z\/data=!4m8!4m7!1m0!1m5!1m1!1s0x4769bd08934a3087:0x3305b00b2ea4aba2!2m2!1d17.8941761!2d46.9557626?entry=ttu\" class=\"btn btn-secondary\" title=\"\"  target=\"_blank\">\n\n        \n        Wegbeschreibung\n        \n\n    <\/a>\n<\/div><div class=\"wpb_gmaps_widget wpb_content_element\"><div class=\"wpb_wrapper\"><div class=\"wpb_map_wraper\"><iframe src=\"https:\/\/www.google.com\/maps\/embed?pb=!1m14!1m8!1m3!1d8339.24524874408!2d17.891617524119038!3d46.95662571047828!3m2!1i1024!2i768!4f13.1!3m3!1m2!1s0x4769bd08934a3087%3A0x3305b00b2ea4aba2!2sAnna%20Grand%20Hotel!5e0!3m2!1sen!2shu!4v1693214435557!5m2!1sen!2shu\" width=\"600\" height=\"450\" style=\"border:0;\" allowfullscreen=\"\" loading=\"lazy\" referrerpolicy=\"no-referrer-when-downgrade\"><\/iframe><\/div><\/div><\/div><\/div><\/div><\/div><\/div>\n<\/div>","protected":false},"excerpt":{"rendered":"Anna Grand Jazz Garden ny\u00e1ri esem\u00e9nyek Az Anna Grand Hotel hangulatos Mediterr\u00e1n udvara eg\u00e9sz ny\u00e1ron v\u00e1rja a jazz szerelmeseit, a balatonf\u00fcredi Parker Jazz Clubbal \u00e9s a Hendricks Ginnel k\u00f6z\u00f6s szervez\u00e9sben l\u00e9trehozott Anna Grand Jazz Garden esem\u00e9nysorozat keret\u00e9ben. A min\u0151s\u00e9gi sz\u00f3rakoz\u00e1st az impoz\u00e1ns k\u00f6rnyezet, a hazai jazz ismert k\u00e9pvisel\u0151i \u00e9s remek italok biztos\u00edtj\u00e1k a forr\u00f3 ny\u00e1ri [...]","protected":false},"author":1,"featured_media":3906,"comment_status":"closed","ping_status":"open","sticky":false,"template":"","format":"standard","meta":{"footnotes":""},"categories":[6],"tags":[],"class_list":["post-3877","post","type-post","status-publish","format-standard","has-post-thumbnail","hentry","category-rendezveny"],"aioseo_notices":[],"_links":{"self":[{"href":"https:\/\/annagrandhotel.hu\/de\/wp-json\/wp\/v2\/posts\/3877","targetHints":{"allow":["GET"]}}],"collection":[{"href":"https:\/\/annagrandhotel.hu\/de\/wp-json\/wp\/v2\/posts"}],"about":[{"href":"https:\/\/annagrandhotel.hu\/de\/wp-json\/wp\/v2\/types\/post"}],"author":[{"embeddable":true,"href":"https:\/\/annagrandhotel.hu\/de\/wp-json\/wp\/v2\/users\/1"}],"replies":[{"embeddable":true,"href":"https:\/\/annagrandhotel.hu\/de\/wp-json\/wp\/v2\/comments?post=3877"}],"version-history":[{"count":31,"href":"https:\/\/annagrandhotel.hu\/de\/wp-json\/wp\/v2\/posts\/3877\/revisions"}],"predecessor-version":[{"id":3916,"href":"https:\/\/annagrandhotel.hu\/de\/wp-json\/wp\/v2\/posts\/3877\/revisions\/3916"}],"wp:featuredmedia":[{"embeddable":true,"href":"https:\/\/annagrandhotel.hu\/de\/wp-json\/wp\/v2\/media\/3906"}],"wp:attachment":[{"href":"https:\/\/annagrandhotel.hu\/de\/wp-json\/wp\/v2\/media?parent=3877"}],"wp:term":[{"taxonomy":"category","embeddable":true,"href":"https:\/\/annagrandhotel.hu\/de\/wp-json\/wp\/v2\/categories?post=3877"},{"taxonomy":"post_tag","embeddable":true,"href":"https:\/\/annagrandhotel.hu\/de\/wp-json\/wp\/v2\/tags?post=3877"}],"curies":[{"name":"wp","href":"https:\/\/api.w.org\/{rel}","templated":true}]}}